{"id":13405,"date":"2024-07-03T18:23:00","date_gmt":"2024-07-04T01:23:00","guid":{"rendered":"https:\/\/salesianbulletin.org\/?p=13405"},"modified":"2025-04-22T18:31:20","modified_gmt":"2025-04-23T01:31:20","slug":"entre-la-admiracion-y-el-dolor","status":"publish","type":"post","link":"https:\/\/salesianbulletin.org\/es\/2024\/07\/03\/entre-la-admiracion-y-el-dolor\/","title":{"rendered":"Entre la Admiraci\u00f3n y el Dolor"},"content":{"rendered":"<p class=\"wp-block-paragraph\">Saludo muy cordialmente a todos los amigos y amigas de Don Bosco que con inter\u00e9s se acercan al Bolet\u00edn Salesiano, este instrumento de comunicaci\u00f3n que tanto amaba Don Bosco y que el mismo fund\u00f3 para dar a conocer la realidad de las casas salesianas en el mundo y el bien que se hac\u00eda.<\/p>\n\n\n\n<p class=\"wp-block-paragraph\">Hoy les estoy saludando por \u00faltima vez desde esta p\u00e1gina del Bolet\u00edn Salesiano. A partir del 16 de agosto, en el d\u00eda en el que hacemos memoria del nacimiento de Don Bosco (aquel 16 de agosto de 1815), termina mi servicio como Rector Mayor de los Salesianos de Don Bosco. Siempre es un motivo para dar gracias, \u00a1siempre Gracias! A Dios ante todo, a la Congregaci\u00f3n y Familia Salesiana, a tantas personas queridas y amigas, a tantos amigos y amigas del carisma de Don Bosco, muchos de ellos bienhechores.<\/p>\n\n\n\n<p class=\"wp-block-paragraph\">Y deseo que tambi\u00e9n en esta ocasi\u00f3n mi saludo conecte y transmita algo de lo que he vivido recientemente. As\u00ed lo har\u00e9, y de ah\u00ed viene el t\u00edtulo de este saludo: \u00a1Entre la admiraci\u00f3n y el dolor!, porque me voy a referir a la alegr\u00eda que llen\u00f3 mi coraz\u00f3n en la Rep\u00fablica Democr\u00e1tica del Congo, m\u00e1s en concreto en la regi\u00f3n de Goma, hoy golpeada por verse inmersa en un conflicto b\u00e9lico, y la alegr\u00eda y el testimonio que ayer mismo recib\u00ed. Les sigo contando y me explicar\u00e9 ampliamente.<\/p>\n\n\n\n<p class=\"wp-block-paragraph\">Fue hace tres semanas, cuando despu\u00e9s de visitar Uganda (en el campo de refugiados de Palabek que, afortunadamente, gracias a las ayudas y el trabajo salesiano de estos a\u00f1os ha dejado de ser ya un campo de refugiados&nbsp; sudaneses para ser un lugar donde decenas de miles de personas se han establecido y han encontrado nueva vida), -desde ah\u00ed, les digo-, atravesando Rwanda llegu\u00e9 a la frontera en la regi\u00f3n de Goma, hermosa tierra, hermosa y rica naturaleza (y tambi\u00e9n por eso mismo apetecida y deseada de tal modo que las armas \u2018hablan\u2019). Pues bien, tristemente, a causa de conflictos armados, en esa regi\u00f3n hay m\u00e1s de un mill\u00f3n de personas desplazadas que han tenido que dejar su casa y su tierra. Tambi\u00e9n nosotros tuvimos que dejar la presencia salesiana de Sha-Sha al haber sido ocupada militarmente. Y resulta que ese mill\u00f3n de desplazados ha llegado a la ciudad de Goma, y en uno de sus barrios, en Gangi esta la presencia salesiana \u2018Don Bosco\u2019. Mi alegr\u00eda ha sido inmensa al ver el bien que se hace. Centenares de muchachos y muchachas tienen all\u00ed su casa. Varias decenas de adolescentes han sido recogidos de la calle y viven en la casa de Don Bosco. All\u00ed mismo, a causa de la guerra, tienen su hogar 82 beb\u00e9s, hasta reci\u00e9n nacidos incluso y ni\u00f1os y ni\u00f1as peque\u00f1itos que han perdido a sus padres o han sido dejados (\u2018abandonados\u2019) al no tener modo de cuidar de los propios hijos. Y all\u00ed, en ese otro Valdocco, uno de los muchos Valdocco del mundo una comunidad de tres religiosas de San Salvador, junto con un grupo de se\u00f1oras, todas ellas sostenidas por la casa salesiana con ayudas que llegan gracias a la generosidad de los bienhechores y la Providencia, cuidan de esos beb\u00e9s y esos peque\u00f1os. Cuando los visit\u00e9 las hermanas hab\u00edan vestido de fiesta a todos, a los beb\u00e9s incluso que dorm\u00edan en su cunita. \u00a1Como no sentir el coraz\u00f3n lleno de alegr\u00eda ante esta realidad de bondad, a pesar del dolor que produce el abandono y la guerra!<\/p>\n\n\n\n<p class=\"wp-block-paragraph\">Pero mi coraz\u00f3n qued\u00f3 golpeado al encontrarme con varios centenares de personas que con motivo de mi visita se acercaron a saludarme. Forman parte de los 32.000 desplazados que han dejado sus casas y tierras a causa de las bombas y han venido buscando refugio. Ellos lo han encontrado en los campos de juego y los terrenos de la casa Don Bosco de Gangi. No tienen nada; viven en unos pocos metros cuadrados de tierra bajo unas lonas o telas. Esta es su realidad. Juntos buscamos c\u00f3mo encontrar alimento cada d\u00eda. Pero <strong>\u00bfsaben qu\u00e9 es lo que m\u00e1s me ha impresionado?<\/strong> Lo que m\u00e1s me impresion\u00f3 fue que cuando estuve con estos cientos de personas (mayoritariamente ancianos y mam\u00e1s con ni\u00f1os, puesto que la mayor\u00eda los hombres no han podido venir a causa del conflicto armado), <strong>no hab\u00edan perdido su dignidad y no hab\u00edan perdido ni la alegr\u00eda ni la sonrisa. <\/strong>Me he quedado maravillado y con el coraz\u00f3n triste ante tanto sufrimiento y pobreza, por m\u00e1s que nosotros estemos poniendo, en el nombre del Se\u00f1or, nuestro granito de arena.<\/p>\n\n\n\n<p class=\"wp-block-paragraph\">Y otra gran alegr\u00eda me la he llevado ayer mismo al recibir un testimonio de vida que me ha hecho pensar en adolescentes y j\u00f3venes de nuestras presencias, y a tantos de los hijos e hijas de padres que me puedan leer y que sientan que sus hijos est\u00e1n desmotivados, que se aburren con la vida, o que no sienten pasi\u00f3n por casi nada. Se trata de lo siguiente: entre los hu\u00e9spedes de estos d\u00edas en el Sacro Cuore, nos visit\u00f3 una extraordinaria pianista que ha recorrido el mundo dando conciertos y que ha formado parte de grandes orquestas filarm\u00f3nicas. Ella es antigua alumna de los salesianos y ha tenido a un salesiano ya fallecido como gran referente y modelo. Quiso ofrecernos este concierto en el atrio del tempo del Sacro Cuore como homenaje a Mar\u00eda Auxiliadora, a quien tanto ama y como agradecimiento por todo lo que ha sido hasta ahora su vida. Y digo esto \u00faltimo porque nuestra querida amiga nos ha ofrecido un maravilloso concierto, con una calidad excepcional <em>a sus 81 a\u00f1os de edad.<\/em> Ven\u00eda acompa\u00f1ada de su hija. Y con esa edad, quiz\u00e1 en la que algunos de nuestros mayores en la familia ya mucho antes han dicho que ya no tienen ganas de hacer nada, ni de proponerse ninguna cosa que suponga esfuerzo, nuestra querida amiga, que todos los d\u00edas se ejercita en el piano, mov\u00eda sus manos con una agilidad maravillosa y estaba sumergida en la belleza de la m\u00fasica y en la ejecuci\u00f3n de la misma. El tiempo se hab\u00eda detenido para ella en esa hora. Y sencillamente, la buena m\u00fasica, una sonrisa generosa al final de su actuaci\u00f3n y la entrega de unas orqu\u00eddeas a la Virgen Auxiliadora fue todo lo que necesitamos en esa ma\u00f1ana maravillosa. Y mi coraz\u00f3n salesiano no pod\u00eda no pensar en esos muchachos, muchachas y j\u00f3venes que quiz\u00e1 no han tenido o ya no tienen nada que les motive en su vida. Ella, nuestra amiga concertista, a sus 81 a\u00f1os vive con mucha paz y, como me dec\u00eda, sigue ofreciendo el don que Dios le dio y cada d\u00eda encuentra m\u00e1s motivos para ello. Otra lecci\u00f3n de vida y otro testimonio que no deja indiferente el coraz\u00f3n.<\/p>\n\n\n\n<p class=\"wp-block-paragraph\">Por eso mis amigos y amigas, gracias , gracias de todo coraz\u00f3n por todo lo bueno que juntos vamos haciendo. Por poco que sea ayuda a que nuestro mundo sea un poquito m\u00e1s humano y m\u00e1s bello. Que el buen Dios les bendiga.<\/p>","protected":false},"excerpt":{"rendered":"<p>Saludo muy cordialmente a todos los amigos y amigas de Don Bosco que con inter\u00e9s se acercan al Bolet\u00edn Salesiano, este instrumento de comunicaci\u00f3n que tanto amaba Don Bosco y que el mismo fund\u00f3 para dar a conocer la realidad de las casas salesianas en el mundo y el bien que se hac\u00eda. Hoy les estoy saludando por \u00faltima vez desde esta p\u00e1gina del Bolet\u00edn &hellip; <a href=\"https:\/\/salesianbulletin.org\/es\/2024\/07\/03\/entre-la-admiracion-y-el-dolor\/\" class=\"more-link\">Continuar leyendo <span class=\"screen-reader-text\">Entre la Admiraci\u00f3n y el Dolor<\/span><\/a><\/p>","protected":false},"author":10336596,"featured_media":13444,"comment_status":"closed","ping_status":"closed","sticky":false,"template":"","format":"standard","meta":{"_coblocks_attr":"","_coblocks_dimensions":"","_coblocks_responsive_height":"","_coblocks_accordion_ie_support":"","_crdt_document":"","advanced_seo_description":"","jetpack_seo_html_title":"","jetpack_seo_noindex":false,"_jetpack_newsletter_access":"","_jetpack_dont_email_post_to_subs":true,"_jetpack_newsletter_tier_id":0,"_jetpack_memberships_contains_paywalled_content":false,"_jetpack_memberships_contains_paid_content":false,"footnotes":"","jetpack_post_was_ever_published":false},"categories":[782003447,516714022],"tags":[],"class_list":["post-13405","post","type-post","status-publish","format-standard","has-post-thumbnail","hentry","category-rector-major","category-salesian-world-news"],"jetpack_featured_media_url":"https:\/\/i0.wp.com\/salesianbulletin.org\/wp-content\/uploads\/2024\/07\/tra-ammirazione-e-dolore.-messaggio-rm-luglio-2024_0.6-es.jpg?fit=1725%2C851&ssl=1","jetpack_likes_enabled":false,"jetpack_sharing_enabled":true,"jetpack_shortlink":"https:\/\/wp.me\/p59ePG-3ud","_links":{"self":[{"href":"https:\/\/salesianbulletin.org\/es\/wp-json\/wp\/v2\/posts\/13405","targetHints":{"allow":["GET"]}}],"collection":[{"href":"https:\/\/salesianbulletin.org\/es\/wp-json\/wp\/v2\/posts"}],"about":[{"href":"https:\/\/salesianbulletin.org\/es\/wp-json\/wp\/v2\/types\/post"}],"author":[{"embeddable":true,"href":"https:\/\/salesianbulletin.org\/es\/wp-json\/wp\/v2\/users\/10336596"}],"replies":[{"embeddable":true,"href":"https:\/\/salesianbulletin.org\/es\/wp-json\/wp\/v2\/comments?post=13405"}],"version-history":[{"count":4,"href":"https:\/\/salesianbulletin.org\/es\/wp-json\/wp\/v2\/posts\/13405\/revisions"}],"predecessor-version":[{"id":13430,"href":"https:\/\/salesianbulletin.org\/es\/wp-json\/wp\/v2\/posts\/13405\/revisions\/13430"}],"wp:featuredmedia":[{"embeddable":true,"href":"https:\/\/salesianbulletin.org\/es\/wp-json\/wp\/v2\/media\/13444"}],"wp:attachment":[{"href":"https:\/\/salesianbulletin.org\/es\/wp-json\/wp\/v2\/media?parent=13405"}],"wp:term":[{"taxonomy":"category","embeddable":true,"href":"https:\/\/salesianbulletin.org\/es\/wp-json\/wp\/v2\/categories?post=13405"},{"taxonomy":"post_tag","embeddable":true,"href":"https:\/\/salesianbulletin.org\/es\/wp-json\/wp\/v2\/tags?post=13405"}],"curies":[{"name":"wp","href":"https:\/\/api.w.org\/{rel}","templated":true}]}}