{"id":16986,"date":"2024-11-26T13:00:00","date_gmt":"2024-11-26T21:00:00","guid":{"rendered":"https:\/\/salesianbulletin.org\/?p=16986"},"modified":"2025-04-29T16:09:16","modified_gmt":"2025-04-29T23:09:16","slug":"salon-de-justicia","status":"publish","type":"post","link":"https:\/\/salesianbulletin.org\/es\/2024\/11\/26\/salon-de-justicia\/","title":{"rendered":"Sal\u00f3n de Justicia"},"content":{"rendered":"<p class=\"wp-block-paragraph\"><em>Por P. Ed Liptak, SDB<\/em><\/p>\n\n\n\n<p class=\"wp-block-paragraph\">Desde el caos de la historia, la voz del profeta Jerem\u00edas grit\u00f3 que vendr\u00edan d\u00edas en que Jerusal\u00e9n ser\u00eda levantada de la confusi\u00f3n y la oscuridad. La paz y la justicia ser\u00edan restauradas. Tan poderosa ser\u00eda la presencia de Dios que Jerusal\u00e9n misma ser\u00eda llamada: <em>&#8220;El Se\u00f1or nuestra justicia&#8221;.<\/em> Puesto que este primer d\u00eda de Adviento ha llegado, es un buen momento para que recordemos que, a nuestro entender, <em>la &#8220;madre Jerusal\u00e9n&#8221;, tan glorificada por Dios, es otro nombre para la &#8220;Santa Madre Iglesia&#8221;, el Sal\u00f3n de la presencia de Dios <\/em>en la nueva Jerusal\u00e9n venida a trav\u00e9s de Jesucristo Nuestro Se\u00f1or. Los d\u00edas de Adviento nos son dados para anhelar su renacimiento, su renovada presencia lit\u00fargica entre nosotros.&nbsp;<\/p>\n\n\n\n<p class=\"wp-block-paragraph\">Nuestro Salmo nos recuerda que <em>debemos &#8220;esperar todo el d\u00eda&#8221; <\/em>y seguir ejerciendo nuestro anhelo en oraci\u00f3n: <em>&#8220;A ti, oh Se\u00f1or, elevo mi alma&#8221;.<\/em> Tambi\u00e9n nuestra lectura de san Pablo nos anima a trabajar, cultivando y fortaleciendo nuestra actitud de espera y de ser &#8220;<em>irreprensibles en santidad delante de nuestro Dios y Padre en la venida de nuestro Se\u00f1or Jes\u00fas con todos sus santos.<\/em>Pablo desea que nos esforcemos por &#8220;<em>crecer y abundar en el amor de unos por otros&#8221;. <\/em>El Adviento no es solo una palabra o una temporada. Est\u00e1 destinado a permitirnos reavivar en nosotros mismos el anhelo de Cristo. Las obras de mansedumbre y bondad que se muestren los unos a los otros ser\u00edan ayudas maravillosas para todos nosotros.&nbsp;<\/p>\n\n\n\n<p class=\"wp-block-paragraph\">Hace dos domingos, San Marcos renov\u00f3 el llamado a que vivimos en un mundo pasajero. El prop\u00f3sito entonces era recordarnos que no nos dej\u00e1ramos vencer por las atracciones de ese mundo. Ahora, con el mismo prop\u00f3sito, San Lucas nos ayuda a vivir nuestro tiempo asignado, deseando encontrar y guardar a Jes\u00fas para estar con \u00c9l y con todos sus amados en el mundo venidero. Es Adviento, y de nuevo se nos aconseja en un nuevo Evangelio que vivamos y anhelemos a Cristo en este mundo y que estemos con \u00c9l en el pr\u00f3ximo.<\/p>\n\n\n\n<p class=\"wp-block-paragraph\">Por lo tanto, Lucas pint\u00f3 el mismo cuadro que Marcos, el colapso del sol, la luna y las estrellas, el oleaje del mar, Cristo juez victorioso que ven\u00eda en una nube del cielo, la gente muriendo de miedo, pero Jes\u00fas dici\u00e9ndole a los fieles: <em>&#8220;Estad erguidos y levantad la cabeza, porque vuestra redenci\u00f3n est\u00e1 cerca&#8221;.<\/em> Por temible que sea el final, Jes\u00fas da esperanza al bien.&nbsp;<\/p>\n\n\n\n<p class=\"wp-block-paragraph\">Estas son las palabras de Jes\u00fas para atesorar: &#8220;<em>Est\u00e9n vigilantes en todo momento y oren para que tengan la fuerza para escapar de las tribulaciones que son inminentes y para estar en pie delante del Hijo del Hombre&#8221;. <\/em>&nbsp;\u00bfC\u00f3mo debemos responder? &#8220;<em>Se\u00f1or Jes\u00fas, ven. Estar\u00e9 esperandole, \u00a1pero con cuidado tambi\u00e9n!&nbsp;<\/em><\/p>","protected":false},"excerpt":{"rendered":"<p>Por P. Ed Liptak, SDB Desde el caos de la historia, la voz del profeta Jerem\u00edas grit\u00f3 que vendr\u00edan d\u00edas en que Jerusal\u00e9n ser\u00eda levantada de la confusi\u00f3n y la oscuridad. La paz y la justicia ser\u00edan restauradas. Tan poderosa ser\u00eda la presencia de Dios que Jerusal\u00e9n misma ser\u00eda llamada: &#8220;El Se\u00f1or nuestra justicia&#8221;. Puesto que este primer d\u00eda de Adviento ha llegado, es un &hellip; <a href=\"https:\/\/salesianbulletin.org\/es\/2024\/11\/26\/salon-de-justicia\/\" class=\"more-link\">Continuar leyendo <span class=\"screen-reader-text\">Sal\u00f3n de Justicia<\/span><\/a><\/p>","protected":false},"author":10336596,"featured_media":12751,"comment_status":"closed","ping_status":"closed","sticky":false,"template":"","format":"standard","meta":{"_coblocks_attr":"","_coblocks_dimensions":"","_coblocks_responsive_height":"","_coblocks_accordion_ie_support":"","_crdt_document":"","advanced_seo_description":"","jetpack_seo_html_title":"","jetpack_seo_noindex":false,"_jetpack_newsletter_access":"","_jetpack_dont_email_post_to_subs":true,"_jetpack_newsletter_tier_id":0,"_jetpack_memberships_contains_paywalled_content":false,"_jetpack_memberships_contains_paid_content":false,"footnotes":"","jetpack_post_was_ever_published":false},"categories":[777629889,2343517,20310044],"tags":[782003455],"class_list":["post-16986","post","type-post","status-publish","format-standard","has-post-thumbnail","hentry","category-fr-ed-liptak","category-gospel-reflection","category-province-news","tag-fr-ed-liptak"],"jetpack_featured_media_url":"https:\/\/i0.wp.com\/salesianbulletin.org\/wp-content\/uploads\/2024\/06\/intouch-scripture-graphic-600.jpg?fit=600%2C510&ssl=1","jetpack_likes_enabled":false,"jetpack_sharing_enabled":true,"jetpack_shortlink":"https:\/\/wp.me\/p59ePG-4pY","_links":{"self":[{"href":"https:\/\/salesianbulletin.org\/es\/wp-json\/wp\/v2\/posts\/16986","targetHints":{"allow":["GET"]}}],"collection":[{"href":"https:\/\/salesianbulletin.org\/es\/wp-json\/wp\/v2\/posts"}],"about":[{"href":"https:\/\/salesianbulletin.org\/es\/wp-json\/wp\/v2\/types\/post"}],"author":[{"embeddable":true,"href":"https:\/\/salesianbulletin.org\/es\/wp-json\/wp\/v2\/users\/10336596"}],"replies":[{"embeddable":true,"href":"https:\/\/salesianbulletin.org\/es\/wp-json\/wp\/v2\/comments?post=16986"}],"version-history":[{"count":3,"href":"https:\/\/salesianbulletin.org\/es\/wp-json\/wp\/v2\/posts\/16986\/revisions"}],"predecessor-version":[{"id":16989,"href":"https:\/\/salesianbulletin.org\/es\/wp-json\/wp\/v2\/posts\/16986\/revisions\/16989"}],"wp:featuredmedia":[{"embeddable":true,"href":"https:\/\/salesianbulletin.org\/es\/wp-json\/wp\/v2\/media\/12751"}],"wp:attachment":[{"href":"https:\/\/salesianbulletin.org\/es\/wp-json\/wp\/v2\/media?parent=16986"}],"wp:term":[{"taxonomy":"category","embeddable":true,"href":"https:\/\/salesianbulletin.org\/es\/wp-json\/wp\/v2\/categories?post=16986"},{"taxonomy":"post_tag","embeddable":true,"href":"https:\/\/salesianbulletin.org\/es\/wp-json\/wp\/v2\/tags?post=16986"}],"curies":[{"name":"wp","href":"https:\/\/api.w.org\/{rel}","templated":true}]}}