{"id":22042,"date":"2025-06-20T13:07:13","date_gmt":"2025-06-20T20:07:13","guid":{"rendered":"https:\/\/salesianbulletin.org\/?p=22042"},"modified":"2025-06-20T17:51:50","modified_gmt":"2025-06-21T00:51:50","slug":"body-and-blood-of-christ-cuerpo-y-sangre-de-cristo","status":"publish","type":"post","link":"https:\/\/salesianbulletin.org\/es\/2025\/06\/20\/body-and-blood-of-christ-cuerpo-y-sangre-de-cristo\/","title":{"rendered":"Body and Blood of Christ \/ Cuerpo y Sangre de Cristo"},"content":{"rendered":"<p class=\"wp-block-paragraph\"><em>Por Fr. Ed Liptak, SDB<\/em> &#8211; <\/p>\n\n\n\n<h4 class=\"wp-block-heading\">Solemnity: Most Holy Eucharist<\/h4>\n\n\n\n<p class=\"wp-block-paragraph\">Genesis traced many centuries of human growth in the Fertile Crescent, a watered area believed to be the cradle of humanity. Within was Bagdad, Iraq, and not too far away, the ancient city of Ur, where, in about 2000 BC, Abraham was born. He and others, like Melchisedek, believed in our One God, and God would use both to further His plan for human Salvation, only a bit more than 4000 years ago. As St. Peter says, that was just a blink of God\u2019s eye.<\/p>\n\n\n\n<p class=\"wp-block-paragraph\">So, only a short while ago, as creation goes, God gave human salvation a fresh start. His faithful servant Abraham had conquered several petty rulers while seeking his nephew Lot, and he had taken much plunder. Now he wanted to share the booty with the priest-King of Salem, Melchizedek, but the King famously replied, &#8220;Give me my people. Keep the rest.&#8221; Christ gave His all for His people. In harmony with today\u2019s Liturgy, Melchizedek gave Abraham a gift of bread and wine.<\/p>\n\n\n\n<p class=\"wp-block-paragraph\">St. Paul taught that our Church, about 20 years after the Last Supper, used words of consecration not unlike those of Mass today. He repeated what Jesus told him: &#8220;This is my body that is for you. Do this in remembrance of me.&#8221; The same with the cup: &#8220;This cup is the new covenant in my blood. Do this, as often as you drink it, in remembrance of me.&#8221;<\/p>\n\n\n\n<p class=\"wp-block-paragraph\">Paul did not want anyone to get stuck on the word &#8220;remembrance.&#8221; He taught that the Church truly does eat of Christ\u2019s Body. What follows are NOT the words of Christ. They belong to teacher Paul. &#8220;For as often as you eat this bread and drink the cup, you proclaim the death of the Lord until he comes.&#8221; Again! This is the Church\u2019s teaching, not the words of Christ, but those of Paul to the Church:&#8221;For as often as you eat this bread and drink the cup, you proclaim the death of the Lord until he comes.&#8221; Not just a sign. It is Him!<\/p>\n\n\n\n<p class=\"wp-block-paragraph\"><strong><em>Now, Let Luke\u2019s Gospel a parable be \u2026 <br>See the hillside, stomachs ache, <br>Souls ache too \u2013 empty! Jesus sees, <br>Makes food aplenty; Apostles set to work,<br>Food for five thousand, and still they work.<br>Food for souls climbing to heaven.<br>Jesus works; He is bread. He is drink.<br>By Him We are Saved!<\/em><\/strong><\/p>\n\n\n\n<hr class=\"wp-block-coblocks-dynamic-separator has-background has-dark-gray-color is-style-fullwidth\" style=\"height:40px\" \/>\n\n\n\n<h1 class=\"wp-block-heading\"><strong><strong>Cuerpo y Sangre de Cristo<\/strong><\/strong><\/h1>\n\n\n\n<p class=\"wp-block-paragraph\"><em>Por P. Ed Liptak, SDB<\/em><\/p>\n\n\n\n<h4 class=\"wp-block-heading\"><strong>Solemnidad: Sant\u00edsima Eucarist\u00eda<\/strong><\/h4>\n\n\n\n<p class=\"has-text-align-left wp-block-paragraph\">El G\u00e9nesis traz\u00f3 muchos siglos de crecimiento humano en el creciente f\u00e9rtil, un \u00e1rea regada que se cree que es la cuna de la humanidad. Dentro estaba Bagdad, Irak, y no muy lejos la antigua ciudad de Ur, donde alrededor del <em>a\u00f1o 2000 A.C<\/em>. naci\u00f3 Abraham. \u00c9l y otros, como Melquisedec, cre\u00edan en nuestro Dios \u00danico, y Dios usar\u00eda ambos para promover Su plan para la salvaci\u00f3n humana, hace solo un poco m\u00e1s de <em>4000<\/em> a\u00f1os. Como dice San Pedro, eso fue solo un abrir y cerrar de ojos de Dios.&nbsp;<\/p>\n\n\n\n<p class=\"wp-block-paragraph\">As\u00ed que, hace solo un corto tiempo, en lo que respecta a la creaci\u00f3n, Dios le dio a la salvaci\u00f3n humana un nuevo comienzo. Su fiel siervo Abrah\u00e1n hab\u00eda conquistado a varios gobernantes mezquinos mientras buscaba a su sobrino Lot, y se hab\u00eda llevado mucho bot\u00edn. Ahora quer\u00eda compartir el bot\u00edn con el rey sacerdote de Salem, Melquisedec, pero el rey le respondi\u00f3: <em>&#8220;Dame a mi gente. Qu\u00e9date con el resto.<\/em>&#8220;Cristo lo dio todo por su pueblo. En armon\u00eda con la liturgia de hoy, Melquisedec le dio a Abraham un regalo de pan y vino.<\/p>\n\n\n\n<p class=\"wp-block-paragraph\">San Pablo ense\u00f1\u00f3 que nuestra Iglesia, unos 20 a\u00f1os despu\u00e9s de la \u00daltima Cena, usaba palabras de consagraci\u00f3n no muy diferentes a las de la Misa de hoy. Repiti\u00f3 lo que Jes\u00fas le dijo: <em>&#8220;Esto es mi cuerpo, que es para ti. Haced esto en memoria m\u00eda&#8221;. <\/em>Lo mismo con la copa: <em>&#8220;Esta copa es el nuevo pacto en mi sangre.&nbsp;Haced esto todas las veces que lo beb\u00e1is, en memoria de m\u00ed&#8221;.<\/em><\/p>\n\n\n\n<p class=\"wp-block-paragraph\">Pablo no quer\u00eda que nadie se quedara atascado en la palabra <em>&#8220;memoria&#8221;. <\/em>Ense\u00f1\u00f3 que la Iglesia verdaderamente come del Cuerpo de Cristo. Lo que sigue<em> NO son&nbsp;<\/em> las palabras de Cristo. Pertenecen al maestro Pablo.&nbsp;&nbsp;&nbsp;<em>&#8220;Porque todas las veces que com\u00e9is este pan y bebiereis la copa, anunci\u00e1is la muerte del Se\u00f1or hasta que \u00e9l venga<\/em>.&#8221;&nbsp; \u00a1Otra vez! Esta es la ense\u00f1anza de la Iglesia, no las palabras de Cristo, sino las de Pablo a la Iglesia: <em>&#8220;Porque todas las veces que com\u00e9is este pan y bebiereis la copa, anunci\u00e1is la muerte del Se\u00f1or hasta que \u00e9l venga<\/em>&#8220;. No es solo una se\u00f1al. \u00a1Es \u00c9l!<\/p>\n\n\n\n<p class=\"wp-block-paragraph\"><strong><em>Ahora, dejemos que el Evangelio de Lucas sea una par\u00e1bola&#8230;<\/em><\/strong><br><strong><em>Mira la ladera, me duele el est\u00f3mago,<\/em><\/strong><br><strong><em>Las almas tambi\u00e9n duelen, \u00a1vac\u00edas!. Jes\u00fas ve,<\/em><\/strong><br><strong><em>Hace que la comida sea abundante; Los ap\u00f3stoles se pusieron manos a la obra,<\/em><\/strong><br><strong><em>Comida para cinco mil, y todav\u00eda trabajan.<\/em><\/strong><br><strong><em>Alimento para las almas que suben al cielo.<\/em><\/strong><br><strong><em>Jes\u00fas obra; \u00c9l es pan. \u00c9l es bebida.<\/em><\/strong><br><strong><em>\u00a1Por \u00c9l somos Salvos!<\/em><\/strong><\/p>","protected":false},"excerpt":{"rendered":"<p>By Fr. Ed Liptak, SDB &#8211; Solemnity: Most Holy Eucharist Genesis traced many centuries of human growth in the Fertile Crescent, a watered area believed to be the cradle of humanity. Within was Bagdad, Iraq, and not too far away, the ancient city of Ur, where, in about 2000 BC, Abraham was born. He and others, like Melchisedek, believed in our One God, and God &hellip; <a href=\"https:\/\/salesianbulletin.org\/es\/2025\/06\/20\/body-and-blood-of-christ-cuerpo-y-sangre-de-cristo\/\" class=\"more-link\">Continuar leyendo <span class=\"screen-reader-text\">Body and Blood of Christ \/ Cuerpo y Sangre de Cristo<\/span><\/a><\/p>","protected":false},"author":10336596,"featured_media":12531,"comment_status":"closed","ping_status":"closed","sticky":false,"template":"","format":"standard","meta":{"_coblocks_attr":"","_coblocks_dimensions":"","_coblocks_responsive_height":"","_coblocks_accordion_ie_support":"","advanced_seo_description":"","jetpack_seo_html_title":"","jetpack_seo_noindex":false,"jetpack_seo_schema_type":"","_jetpack_newsletter_access":"","_jetpack_dont_email_post_to_subs":true,"_jetpack_newsletter_tier_id":0,"_jetpack_memberships_contains_paywalled_content":false,"_wpcom_ai_launchpad_first_post":false,"_jetpack_feature_clip_id":0,"_jetpack_memberships_contains_paid_content":false,"footnotes":"","jetpack_post_was_ever_published":false},"categories":[777629889,2343517,20310044],"tags":[],"class_list":["post-22042","post","type-post","status-publish","format-standard","has-post-thumbnail","hentry","category-fr-ed-liptak","category-gospel-reflection","category-province-news"],"jetpack_likes_enabled":false,"jetpack_sharing_enabled":true,"jetpack_shortlink":"https:\/\/wp.me\/p59ePG-5Jw","jetpack_featured_media_url":"https:\/\/i0.wp.com\/salesianbulletin.org\/wp-content\/uploads\/2024\/05\/intouch-scripture-graphic-feature.jpg?fit=1600%2C510&ssl=1","_links":{"self":[{"href":"https:\/\/salesianbulletin.org\/es\/wp-json\/wp\/v2\/posts\/22042","targetHints":{"allow":["GET"]}}],"collection":[{"href":"https:\/\/salesianbulletin.org\/es\/wp-json\/wp\/v2\/posts"}],"about":[{"href":"https:\/\/salesianbulletin.org\/es\/wp-json\/wp\/v2\/types\/post"}],"author":[{"embeddable":true,"href":"https:\/\/salesianbulletin.org\/es\/wp-json\/wp\/v2\/users\/10336596"}],"replies":[{"embeddable":true,"href":"https:\/\/salesianbulletin.org\/es\/wp-json\/wp\/v2\/comments?post=22042"}],"version-history":[{"count":3,"href":"https:\/\/salesianbulletin.org\/es\/wp-json\/wp\/v2\/posts\/22042\/revisions"}],"predecessor-version":[{"id":22050,"href":"https:\/\/salesianbulletin.org\/es\/wp-json\/wp\/v2\/posts\/22042\/revisions\/22050"}],"wp:featuredmedia":[{"embeddable":true,"href":"https:\/\/salesianbulletin.org\/es\/wp-json\/wp\/v2\/media\/12531"}],"wp:attachment":[{"href":"https:\/\/salesianbulletin.org\/es\/wp-json\/wp\/v2\/media?parent=22042"}],"wp:term":[{"taxonomy":"category","embeddable":true,"href":"https:\/\/salesianbulletin.org\/es\/wp-json\/wp\/v2\/categories?post=22042"},{"taxonomy":"post_tag","embeddable":true,"href":"https:\/\/salesianbulletin.org\/es\/wp-json\/wp\/v2\/tags?post=22042"}],"curies":[{"name":"wp","href":"https:\/\/api.w.org\/{rel}","templated":true}]}}