{"id":25541,"date":"2025-10-02T19:52:10","date_gmt":"2025-10-03T02:52:10","guid":{"rendered":"https:\/\/salesianbulletin.org\/?p=25541"},"modified":"2025-10-03T19:25:02","modified_gmt":"2025-10-04T02:25:02","slug":"reminiscing-the-jubilee-of-youth-a-journey-of-faith-hope","status":"publish","type":"post","link":"https:\/\/salesianbulletin.org\/es\/2025\/10\/02\/reminiscing-the-jubilee-of-youth-a-journey-of-faith-hope\/","title":{"rendered":"Reminiscing the Jubilee of Youth: A Journey of Faith &amp; Hope"},"content":{"rendered":"<p class=\"wp-block-paragraph\"><strong>(ANS \u2013 Rome)<\/strong>&nbsp;\u2013 Two months have passed since the Jubilee of Youth 2025, an extraordinary gathering that brought together nearly 5,000 young people from the Salesian world in Rome from July 29 to August 3. These vibrant days remain etched in the hearts of the participants, who were guided by animators, Salesians, FMAs, and other members of the Salesian family. For the young people who came and participated, the Jubilee was much more than an event; it was a profound journey of faith, communon, and spiritual renewal.<\/p>\n\n\n\n<p class=\"wp-block-paragraph\">To celebrate and preserve the spirit of this milestone event, the Social Communication Sector, in collaboration with the Youth Ministry Sector, has brought out a short documentary titled \u201cJubilee of Youth: A Journey of Faith and Hope\u201d in five languages. This documentary captures the essence of the Jubilee, showcasing its highlights, the SYM fest and the Salesian moments.<\/p>\n\n\n\n<p class=\"wp-block-paragraph\">The young people who participated in the jubilee have shared in their own words, share how this experience has transformed their lives, deepened their faith, and planted seeds of hope for the future.<\/p>\n\n\n\n<p class=\"wp-block-paragraph\"><strong>A Church Alive with Hope and Unity<\/strong><\/p>\n\n\n\n<p class=\"wp-block-paragraph\">The Jubilee revealed the vitality and universality of the Catholic Church to many young people. For&nbsp;<strong>Tagbo John Chikwado from Nigeria<\/strong>, the most inspiring aspect was the Church\u2019s resilience in the face of global challenges: \u201cWhat inspired me most is that the Catholic Church is alive, seeing how many young people came from across the world. Despite the war and rumors of war all over, there&#8217;s still hope for a better world.\u201d<\/p>\n\n\n\n<p class=\"wp-block-paragraph\">Similarly,&nbsp;<strong>Tayo Jane Frances, also from Nigeria<\/strong>, found the experience spiritually enriching: \u201cThe Jubilee experience was profoundly enriching, marked by spiritual renewal through confession, a sense of unity through communal celebration and walking pilgrimage, and personal growth through reflection and prayer. This experience deepened my faith and connection to the global Catholic community.\u201d<\/p>\n\n\n\n<p class=\"wp-block-paragraph\">For&nbsp;<strong>Iberia Kwan from Hong Kong<\/strong>, meeting Pope Leo was a defining moment: \u201cThe most remarkable experience was meeting Pope Leo on Sunday morning. He said that \u2018Friendship is the path to peace.\u2019 We have made different friends these days, and we are companions on the Jubilee journey, yearning for Jesus Christ. This companionship could lead to a world at peace because Jesus is the only peace in the world.\u201d<\/p>\n\n\n\n<p class=\"wp-block-paragraph\"><strong>Discovering Diversity and the Universal Church<\/strong><\/p>\n\n\n\n<p class=\"wp-block-paragraph\">For many, the Jubilee was a celebration of the Church\u2019s incredible diversity, unity and universality.&nbsp;<strong>Sylvia Showalter from Virginia, USA<\/strong>, was struck by the Church\u2019s global reach and inspired by the Salesian Sisters: \u201cWhat inspired me most was multiple things. Firstly, seeing how incredibly expansive the Church is through its history and architecture, but also its diversity, with so many young people from all over the world at the vigil. Secondly, the humility of Pope Leo in leading so many people under the mantle of his responsibilities. Thirdly, seeing the Salesian Sisters live their vocation with joy and grace, organizing the pilgrimage and leading us to places where I encountered the charity that is Salesian.<\/p>\n\n\n\n<p class=\"wp-block-paragraph\">I feel renewed and encouraged to be salt and light to my community, showing charity and love in every way I can. I feel renewed from encountering the Lord in the Eucharist, both in receiving and in adoration. The Jubilee is a time of mercy and grace, where debts and sins are forgiven. I want my life to reflect the healing power of the Lord and to extend it to others.\u201d<\/p>\n\n\n\n<p class=\"wp-block-paragraph\">For&nbsp;<strong>Ana Incl\u00e1n from Avil\u00e9s, Asturias<\/strong>&nbsp;<strong>in Spain,<\/strong>&nbsp;the message of hope and unity was crucial: \u201cWhat inspired me the most was the message of hope, sharing faith with people from different countries and cultures, the unity of the group, the encounter with the Pope, and the spiritual depth of the experience, which strengthened my faith and sense of belonging.\u201d<\/p>\n\n\n\n<p class=\"wp-block-paragraph\"><strong>Mar\u00eda Carre\u00f1o from Marbella, M\u00e1laga in Spain<\/strong>&nbsp;highlighted the shared faith that transcended cultural and linguistic barriers: \u201cWhat inspired me the most at the Jubilee was seeing how, despite the differences in languages and cultures, we all shared the same faith in God. The joint adoration with young people from the Salesian world reminded me that, in diversity, God is our point of union. It was a profound experience of fellowship.\u201d<\/p>\n\n\n\n<p class=\"wp-block-paragraph\"><strong>Moments of Grace and Transformation<\/strong><\/p>\n\n\n\n<p class=\"wp-block-paragraph\">Some spoke of deeply personal moments of spiritual grace. For Daniela Cianca from Panama, crossing the Holy Door was a powerful experience: \u201cWhat inspired me most about the Jubilee was crossing the Holy Door. At that moment, my heart felt peace, joy, and a step toward grace.\u201d<\/p>\n\n\n\n<p class=\"wp-block-paragraph\">For&nbsp;<strong>Kinga from Konin, Poland<\/strong>, the Jubilee was a deeply moving encounter with the global Church: \u201cI prepared for the Jubilee of Youth in Rome for a long time, not knowing what to expect. This \u2018not knowing\u2019 allowed me to see the world and the Church from a completely different perspective. Seeing thousands of young people in the \u2018Land of Saints,\u2019 praying together, adoring the Blessed Sacrament, and sharing faith deeply touched my heart. We were called to be \u2018Pilgrims of Hope,\u2019 and we truly became that. It inspired me to spread the Gospel even more among my peers.\u201d<\/p>\n\n\n\n<p class=\"wp-block-paragraph\"><strong>Gabriele Salanitro, Salesian from the house of Catania Cibali<\/strong>, reflected on moments of prayer and connection: \u201cThe Jubilee was an intense experience, especially moments of deep prayer and reflection, like the Eucharistic Celebration at the Sacred Heart Basilica presided by Rector Major Fr. Fabio Attard, or the catechesis with MGS Italy, where we learned to dream boldly, trusting in God. The vigil with Pope Leo at Tor Vergata was equally unforgettable.&nbsp; Meeting peers from all over the world and recognizing ourselves as children of the same Father, exchanging smiles and joy in the Salesian spirit, was truly amazing.\u201d<\/p>\n\n\n\n<p class=\"wp-block-paragraph\"><strong>The Journey of a Pilgrim: A Lesson of Hope<\/strong><\/p>\n\n\n\n<p class=\"wp-block-paragraph\">For many, the pilgrimage itself was a transformative experience.&nbsp;<strong>Gabriel Alexis Gonzales from the Philippines<\/strong>&nbsp;shared how the journey to Tor Vergata united people and taught him the essence of being a pilgrim: \u201cAs Pilgrims of Hope, we marveled at Rome\u2019s engineering feats\u2014the beautiful basilicas, churches, and holy places. But the most inspiring part of the pilgrimage wasn\u2019t the destination but the journey itself.<\/p>\n\n\n\n<p class=\"wp-block-paragraph\">Millions of us walked together under the scorching Roman sun, enduring over 40,000 steps to Tor Vergata. It was grueling, but along the way, we shared food, water, stories, laughter, and songs. Strangers became friends. People from different countries united.<\/p>\n\n\n\n<p class=\"wp-block-paragraph\">The journey reminded me that being a pilgrim is about transformation\u2014learning sacrifice, love, and respect. You feel God\u2019s presence in others and discover that hope lives in every step we take together. We, the pilgrims, are the bringers of hope. This hope fuels our faith and unity. It\u2019s a hope that will light the fire for the next generation, a hope that will never fail.\u201d<\/p>\n\n\n\n<p class=\"wp-block-paragraph\"><strong>A Seed Planted in the Hearts of the Young<\/strong><\/p>\n\n\n\n<p class=\"wp-block-paragraph\"><strong>Fr. Jose Lorbeth Vivo, member of the Youth Ministry Sector<\/strong>&nbsp;reflected on the impact of the Jubilee: \u201cThe Jubilee of Youth 2025 was not just a mere gathering; it was a transformative experience, a seed planted in the hearts of our young people. These testimonies reveal that this Jubilee has ignited faith, hope, and a renewed sense of purpose. It has deepened their Salesian Spirit and their love for Don Bosco and the Salesian Family\u201d<\/p>\n\n\n\n<p class=\"wp-block-paragraph\">The Salesian world reminices this historic moment, as young people have returned to their communities inspired to live the Gospel with joy and courage. The documentary,&nbsp;<strong>\u201cJubilee of Youth: A Journey of Faith and Hope,\u201d<\/strong>&nbsp;now available in&nbsp;<strong><a href=\"https:\/\/youtu.be\/XdT9-bOQTnc\">English<\/a>,&nbsp;<a href=\"https:\/\/youtu.be\/goPdsZEuA5E\">Italian<\/a>,&nbsp;<a href=\"https:\/\/youtu.be\/eAzflHCi8e0\">French<\/a>,&nbsp;<a href=\"https:\/\/youtu.be\/9v9K6NHRUbs\">Spanish<\/a>&nbsp;y&nbsp;<a href=\"https:\/\/youtu.be\/Grvqw7MrlrM\">Portuguese<\/a>&nbsp;on the ANS YouTube channel<\/strong>, will serve as a tool to relive those moments and instill positive vibes in our young people.<\/p>\n\n\n\n<p class=\"wp-block-paragraph\"><\/p>","protected":false},"excerpt":{"rendered":"<p>(ANS \u2013 Rome)&nbsp;\u2013 Two months have passed since the Jubilee of Youth 2025, an extraordinary gathering that brought together nearly 5,000 young people from the Salesian world in Rome from July 29 to August 3. These vibrant days remain etched in the hearts of the participants, who were guided by animators, Salesians, FMAs, and other members of the Salesian family. For the young people who &hellip; <a href=\"https:\/\/salesianbulletin.org\/es\/2025\/10\/02\/reminiscing-the-jubilee-of-youth-a-journey-of-faith-hope\/\" class=\"more-link\">Continuar leyendo <span class=\"screen-reader-text\">Reminiscing the Jubilee of Youth: A Journey of Faith &amp; Hope<\/span><\/a><\/p>","protected":false},"author":10336596,"featured_media":25542,"comment_status":"closed","ping_status":"closed","sticky":false,"template":"","format":"standard","meta":{"_coblocks_attr":"","_coblocks_dimensions":"","_coblocks_responsive_height":"","_coblocks_accordion_ie_support":"","_crdt_document":"","advanced_seo_description":"","jetpack_seo_html_title":"","jetpack_seo_noindex":false,"_jetpack_newsletter_access":"","_jetpack_dont_email_post_to_subs":true,"_jetpack_newsletter_tier_id":0,"_jetpack_memberships_contains_paywalled_content":false,"_jetpack_memberships_contains_paid_content":false,"footnotes":"","jetpack_post_was_ever_published":false},"categories":[516714022,782003440],"tags":[35890],"class_list":["post-25541","post","type-post","status-publish","format-standard","has-post-thumbnail","hentry","category-salesian-world-news","category-youth-ministry","tag-featured"],"jetpack_featured_media_url":"https:\/\/i0.wp.com\/salesianbulletin.org\/wp-content\/uploads\/2025\/10\/1fbf1cae0994b5aa0595411529312849_xl.jpg?fit=1024%2C1024&ssl=1","jetpack_likes_enabled":false,"jetpack_sharing_enabled":true,"jetpack_shortlink":"https:\/\/wp.me\/p59ePG-6DX","_links":{"self":[{"href":"https:\/\/salesianbulletin.org\/es\/wp-json\/wp\/v2\/posts\/25541","targetHints":{"allow":["GET"]}}],"collection":[{"href":"https:\/\/salesianbulletin.org\/es\/wp-json\/wp\/v2\/posts"}],"about":[{"href":"https:\/\/salesianbulletin.org\/es\/wp-json\/wp\/v2\/types\/post"}],"author":[{"embeddable":true,"href":"https:\/\/salesianbulletin.org\/es\/wp-json\/wp\/v2\/users\/10336596"}],"replies":[{"embeddable":true,"href":"https:\/\/salesianbulletin.org\/es\/wp-json\/wp\/v2\/comments?post=25541"}],"version-history":[{"count":4,"href":"https:\/\/salesianbulletin.org\/es\/wp-json\/wp\/v2\/posts\/25541\/revisions"}],"predecessor-version":[{"id":25608,"href":"https:\/\/salesianbulletin.org\/es\/wp-json\/wp\/v2\/posts\/25541\/revisions\/25608"}],"wp:featuredmedia":[{"embeddable":true,"href":"https:\/\/salesianbulletin.org\/es\/wp-json\/wp\/v2\/media\/25542"}],"wp:attachment":[{"href":"https:\/\/salesianbulletin.org\/es\/wp-json\/wp\/v2\/media?parent=25541"}],"wp:term":[{"taxonomy":"category","embeddable":true,"href":"https:\/\/salesianbulletin.org\/es\/wp-json\/wp\/v2\/categories?post=25541"},{"taxonomy":"post_tag","embeddable":true,"href":"https:\/\/salesianbulletin.org\/es\/wp-json\/wp\/v2\/tags?post=25541"}],"curies":[{"name":"wp","href":"https:\/\/api.w.org\/{rel}","templated":true}]}}