{"id":26387,"date":"2025-10-25T16:43:45","date_gmt":"2025-10-25T23:43:45","guid":{"rendered":"http:\/\/salesianbulletin.org\/?p=26387"},"modified":"2025-10-31T15:01:08","modified_gmt":"2025-10-31T22:01:08","slug":"interamerica-provincials-meeting-day-2-girded-to-serve-enkindled-to-discern","status":"publish","type":"post","link":"https:\/\/salesianbulletin.org\/es\/2025\/10\/25\/interamerica-provincials-meeting-day-2-girded-to-serve-enkindled-to-discern\/","title":{"rendered":"Interamerica Provincials Meeting \u2013 Day 2: Girded to Serve, Enkindled to Discern"},"content":{"rendered":"<p class=\"wp-block-paragraph\"><em>A Spanish translation is included at the end of the article. \/ Al final del art\u00edculo se incluye una traducci\u00f3n al espa\u00f1ol.<\/em><\/p>\n\n\n\n<p class=\"s5 wp-block-paragraph\"><strong>(Berkeley, California) <\/strong>&#8211; The second day of the\u00a0Interamerica Provincials Meeting, held in Berkeley, California, began with the\u00a0Eucharistic celebration presided over by Fr. Jos\u00e9 Pastor Ram\u00edrez, Provincial of the Antilles. In his homily, Fr. Jos\u00e9 invited everyone to live with \u201cgirded loins and lamps lit,\u201d as vigilant, available, and servant disciples.<\/p>\n\n\n\n<div class=\"wp-block-jetpack-tiled-gallery aligncenter is-style-rectangular\"><div class=\"\"><div class=\"tiled-gallery__gallery\"><div class=\"tiled-gallery__row\"><div class=\"tiled-gallery__col\" style=\"flex-basis:50.00000%\"><figure class=\"tiled-gallery__item\"><img data-recalc-dims=\"1\" decoding=\"async\" data-attachment-id=\"26430\" data-permalink=\"https:\/\/salesianbulletin.org\/es\/2025\/10\/25\/interamerica-provincials-meeting-day-2-girded-to-serve-enkindled-to-discern\/img_0193\/\" data-orig-file=\"https:\/\/i0.wp.com\/salesianbulletin.org\/wp-content\/uploads\/2025\/10\/img_0193.jpg?fit=2042%2C1532&amp;ssl=1\" data-orig-size=\"2042,1532\" data-comments-opened=\"0\" data-image-meta=\"{&quot;aperture&quot;:&quot;0&quot;,&quot;credit&quot;:&quot;&quot;,&quot;camera&quot;:&quot;&quot;,&quot;caption&quot;:&quot;&quot;,&quot;created_timestamp&quot;:&quot;0&quot;,&quot;copyright&quot;:&quot;&quot;,&quot;focal_length&quot;:&quot;0&quot;,&quot;iso&quot;:&quot;0&quot;,&quot;shutter_speed&quot;:&quot;0&quot;,&quot;title&quot;:&quot;&quot;,&quot;orientation&quot;:&quot;0&quot;}\" data-image-title=\"IMG_0193\" data-image-description=\"\" data-image-caption=\"\" data-large-file=\"https:\/\/i0.wp.com\/salesianbulletin.org\/wp-content\/uploads\/2025\/10\/img_0193.jpg?fit=720%2C540&amp;ssl=1\" role=\"button\" tabindex=\"0\" aria-label=\"Open image 1 of 2 in full-screen\" srcset=\"https:\/\/salesianbulletin.org\/wp-content\/uploads\/2025\/10\/img_0193.jpg?strip=info&#038;w=600 600w,https:\/\/salesianbulletin.org\/wp-content\/uploads\/2025\/10\/img_0193.jpg?strip=info&#038;w=900 900w,https:\/\/salesianbulletin.org\/wp-content\/uploads\/2025\/10\/img_0193.jpg?strip=info&#038;w=1200 1200w,https:\/\/salesianbulletin.org\/wp-content\/uploads\/2025\/10\/img_0193.jpg?strip=info&#038;w=1500 1500w,https:\/\/salesianbulletin.org\/wp-content\/uploads\/2025\/10\/img_0193.jpg?strip=info&#038;w=1800 1800w,https:\/\/salesianbulletin.org\/wp-content\/uploads\/2025\/10\/img_0193.jpg?strip=info&#038;w=2000 2000w\" alt=\"\" data-height=\"1532\" data-id=\"26430\" data-link=\"https:\/\/salesianbulletin.org\/?attachment_id=26430\" data-url=\"https:\/\/salesianbulletin.org\/wp-content\/uploads\/2025\/10\/img_0193.jpg?w=1024\" data-width=\"2042\" src=\"https:\/\/i0.wp.com\/salesianbulletin.org\/wp-content\/uploads\/2025\/10\/img_0193.jpg?w=720&#038;ssl=1\" \/><\/figure><\/div><div class=\"tiled-gallery__col\" style=\"flex-basis:50.00000%\"><figure class=\"tiled-gallery__item\"><img data-recalc-dims=\"1\" decoding=\"async\" data-attachment-id=\"26440\" data-permalink=\"https:\/\/salesianbulletin.org\/es\/2025\/10\/25\/interamerica-provincials-meeting-day-2-girded-to-serve-enkindled-to-discern\/img_0195\/\" data-orig-file=\"https:\/\/i0.wp.com\/salesianbulletin.org\/wp-content\/uploads\/2025\/10\/img_0195.jpg?fit=2042%2C1532&amp;ssl=1\" data-orig-size=\"2042,1532\" data-comments-opened=\"0\" data-image-meta=\"{&quot;aperture&quot;:&quot;0&quot;,&quot;credit&quot;:&quot;&quot;,&quot;camera&quot;:&quot;&quot;,&quot;caption&quot;:&quot;&quot;,&quot;created_timestamp&quot;:&quot;0&quot;,&quot;copyright&quot;:&quot;&quot;,&quot;focal_length&quot;:&quot;0&quot;,&quot;iso&quot;:&quot;0&quot;,&quot;shutter_speed&quot;:&quot;0&quot;,&quot;title&quot;:&quot;&quot;,&quot;orientation&quot;:&quot;0&quot;}\" data-image-title=\"IMG_0195\" data-image-description=\"\" data-image-caption=\"\" data-large-file=\"https:\/\/i0.wp.com\/salesianbulletin.org\/wp-content\/uploads\/2025\/10\/img_0195.jpg?fit=720%2C540&amp;ssl=1\" role=\"button\" tabindex=\"0\" aria-label=\"Open image 2 of 2 in full-screen\" srcset=\"https:\/\/salesianbulletin.org\/wp-content\/uploads\/2025\/10\/img_0195.jpg?strip=info&#038;w=600 600w,https:\/\/salesianbulletin.org\/wp-content\/uploads\/2025\/10\/img_0195.jpg?strip=info&#038;w=900 900w,https:\/\/salesianbulletin.org\/wp-content\/uploads\/2025\/10\/img_0195.jpg?strip=info&#038;w=1200 1200w,https:\/\/salesianbulletin.org\/wp-content\/uploads\/2025\/10\/img_0195.jpg?strip=info&#038;w=1500 1500w,https:\/\/salesianbulletin.org\/wp-content\/uploads\/2025\/10\/img_0195.jpg?strip=info&#038;w=1800 1800w,https:\/\/salesianbulletin.org\/wp-content\/uploads\/2025\/10\/img_0195.jpg?strip=info&#038;w=2000 2000w\" alt=\"\" data-height=\"1532\" data-id=\"26440\" data-link=\"https:\/\/salesianbulletin.org\/?attachment_id=26440\" data-url=\"https:\/\/salesianbulletin.org\/wp-content\/uploads\/2025\/10\/img_0195.jpg?w=1024\" data-width=\"2042\" src=\"https:\/\/i0.wp.com\/salesianbulletin.org\/wp-content\/uploads\/2025\/10\/img_0195.jpg?w=720&#038;ssl=1\" \/><\/figure><\/div><\/div><\/div><\/div><\/div>\n\n\n\n<p class=\"s5 wp-block-paragraph\">In a time when processes move quickly and artificial intelligence reshapes human reality, he reminded the Provincials that Salesians are called to remain steadfast in what is essential and attentive to the work of the Spirit. \u201cTo gird our loins,\u201d he said, \u201cis to return to Don Bosco\u2019s practical and contemplative spirit, to the inner fire that kept him awake for the poor and abandoned youth.\u201d He also emphasized that \u201clit lamps\u201d symbolize pastoral intelligence, charismatic fidelity, and transparency in mission.<\/p>\n\n\n\n<p class=\"s5 wp-block-paragraph\">After the Eucharist and breakfast, the Provincials participated in a&nbsp;video conference with the Rector Major, Fr. Fabio Attard, who offered a deep reflection on the fruits of the&nbsp;29th General Chapter (CG29). He highlighted four fundamental attitudes for Salesian consecrated life:&nbsp;listening, availability, openness of heart, and self-giving. Fr. Fabio reminded everyone that formation is not something added to the mission but rather springs from it: \u201cWe form not to do, but to be.\u201d He invited the Salesians to cultivate a mystical and incarnate spirituality, in which communion with the laity and passion for the young remain at the heart of their identity.<\/p>\n\n\n\n<figure class=\"wp-block-image size-large\"><img data-recalc-dims=\"1\" loading=\"lazy\" decoding=\"async\" width=\"720\" height=\"540\" data-attachment-id=\"26431\" data-permalink=\"https:\/\/salesianbulletin.org\/es\/2025\/10\/25\/interamerica-provincials-meeting-day-2-girded-to-serve-enkindled-to-discern\/img_0208\/\" data-orig-file=\"https:\/\/i0.wp.com\/salesianbulletin.org\/wp-content\/uploads\/2025\/10\/img_0208.jpg?fit=2042%2C1532&amp;ssl=1\" data-orig-size=\"2042,1532\" data-comments-opened=\"0\" data-image-meta=\"{&quot;aperture&quot;:&quot;0&quot;,&quot;credit&quot;:&quot;&quot;,&quot;camera&quot;:&quot;&quot;,&quot;caption&quot;:&quot;&quot;,&quot;created_timestamp&quot;:&quot;0&quot;,&quot;copyright&quot;:&quot;&quot;,&quot;focal_length&quot;:&quot;0&quot;,&quot;iso&quot;:&quot;0&quot;,&quot;shutter_speed&quot;:&quot;0&quot;,&quot;title&quot;:&quot;&quot;,&quot;orientation&quot;:&quot;0&quot;}\" data-image-title=\"IMG_0208\" data-image-description=\"\" data-image-caption=\"\" data-large-file=\"https:\/\/i0.wp.com\/salesianbulletin.org\/wp-content\/uploads\/2025\/10\/img_0208.jpg?fit=720%2C540&amp;ssl=1\" src=\"https:\/\/i0.wp.com\/salesianbulletin.org\/wp-content\/uploads\/2025\/10\/img_0208.jpg?resize=720%2C540&#038;ssl=1\" alt=\"\" class=\"wp-image-26431\" \/><\/figure>\n\n\n\n<p class=\"s5 wp-block-paragraph\">A&nbsp;video message from Fr. Silvio Roggia, of the Department for Formation, followed. Speaking from Rome, he recalled the recent milestones in Salesian history: the&nbsp;50th anniversary of the Salesian Center for Ongoing Formation in Quito, the&nbsp;canonization of Blessed Mar\u00eda Troncatti, and the&nbsp;150th anniversary of the arrival of the first Salesians in the Americas. Fr. Roggia highlighted the vitality of the charism and the communion among Salesians, Salesian Sisters, and lay people, noting that \u201cformation is always and only permanent\u2014it is the art of learning to learn.\u201d<\/p>\n\n\n\n<div class=\"wp-block-jetpack-tiled-gallery aligncenter is-style-rectangular\"><div class=\"\"><div class=\"tiled-gallery__gallery\"><div class=\"tiled-gallery__row\"><div class=\"tiled-gallery__col\" style=\"flex-basis:50.00000%\"><figure class=\"tiled-gallery__item\"><img data-recalc-dims=\"1\" decoding=\"async\" data-attachment-id=\"26432\" data-permalink=\"https:\/\/salesianbulletin.org\/es\/2025\/10\/25\/interamerica-provincials-meeting-day-2-girded-to-serve-enkindled-to-discern\/img_0235\/\" data-orig-file=\"https:\/\/i0.wp.com\/salesianbulletin.org\/wp-content\/uploads\/2025\/10\/img_0235.jpg?fit=1150%2C1532&amp;ssl=1\" data-orig-size=\"1150,1532\" data-comments-opened=\"0\" data-image-meta=\"{&quot;aperture&quot;:&quot;0&quot;,&quot;credit&quot;:&quot;&quot;,&quot;camera&quot;:&quot;&quot;,&quot;caption&quot;:&quot;&quot;,&quot;created_timestamp&quot;:&quot;0&quot;,&quot;copyright&quot;:&quot;&quot;,&quot;focal_length&quot;:&quot;0&quot;,&quot;iso&quot;:&quot;0&quot;,&quot;shutter_speed&quot;:&quot;0&quot;,&quot;title&quot;:&quot;&quot;,&quot;orientation&quot;:&quot;0&quot;}\" data-image-title=\"IMG_0235\" data-image-description=\"\" data-image-caption=\"\" data-large-file=\"https:\/\/i0.wp.com\/salesianbulletin.org\/wp-content\/uploads\/2025\/10\/img_0235.jpg?fit=720%2C959&amp;ssl=1\" role=\"button\" tabindex=\"0\" aria-label=\"Open image 1 of 2 in full-screen\" srcset=\"https:\/\/salesianbulletin.org\/wp-content\/uploads\/2025\/10\/img_0235.jpg?strip=info&#038;w=600 600w,https:\/\/salesianbulletin.org\/wp-content\/uploads\/2025\/10\/img_0235.jpg?strip=info&#038;w=900 900w,https:\/\/salesianbulletin.org\/wp-content\/uploads\/2025\/10\/img_0235.jpg?strip=info&#038;w=1150 1150w\" alt=\"\" data-height=\"1532\" data-id=\"26432\" data-link=\"https:\/\/salesianbulletin.org\/?attachment_id=26432\" data-url=\"https:\/\/salesianbulletin.org\/wp-content\/uploads\/2025\/10\/img_0235.jpg?w=769\" data-width=\"1150\" src=\"https:\/\/i0.wp.com\/salesianbulletin.org\/wp-content\/uploads\/2025\/10\/img_0235.jpg?w=720&#038;ssl=1\" \/><\/figure><\/div><div class=\"tiled-gallery__col\" style=\"flex-basis:50.00000%\"><figure class=\"tiled-gallery__item\"><img data-recalc-dims=\"1\" decoding=\"async\" data-attachment-id=\"26433\" data-permalink=\"https:\/\/salesianbulletin.org\/es\/2025\/10\/25\/interamerica-provincials-meeting-day-2-girded-to-serve-enkindled-to-discern\/img_0236\/\" data-orig-file=\"https:\/\/i0.wp.com\/salesianbulletin.org\/wp-content\/uploads\/2025\/10\/img_0236.jpg?fit=1150%2C1532&amp;ssl=1\" data-orig-size=\"1150,1532\" data-comments-opened=\"0\" data-image-meta=\"{&quot;aperture&quot;:&quot;0&quot;,&quot;credit&quot;:&quot;&quot;,&quot;camera&quot;:&quot;&quot;,&quot;caption&quot;:&quot;&quot;,&quot;created_timestamp&quot;:&quot;0&quot;,&quot;copyright&quot;:&quot;&quot;,&quot;focal_length&quot;:&quot;0&quot;,&quot;iso&quot;:&quot;0&quot;,&quot;shutter_speed&quot;:&quot;0&quot;,&quot;title&quot;:&quot;&quot;,&quot;orientation&quot;:&quot;0&quot;}\" data-image-title=\"IMG_0236\" data-image-description=\"\" data-image-caption=\"\" data-large-file=\"https:\/\/i0.wp.com\/salesianbulletin.org\/wp-content\/uploads\/2025\/10\/img_0236.jpg?fit=720%2C959&amp;ssl=1\" role=\"button\" tabindex=\"0\" aria-label=\"Open image 2 of 2 in full-screen\" srcset=\"https:\/\/salesianbulletin.org\/wp-content\/uploads\/2025\/10\/img_0236.jpg?strip=info&#038;w=600 600w,https:\/\/salesianbulletin.org\/wp-content\/uploads\/2025\/10\/img_0236.jpg?strip=info&#038;w=900 900w,https:\/\/salesianbulletin.org\/wp-content\/uploads\/2025\/10\/img_0236.jpg?strip=info&#038;w=1150 1150w\" alt=\"\" data-height=\"1532\" data-id=\"26433\" data-link=\"https:\/\/salesianbulletin.org\/?attachment_id=26433\" data-url=\"https:\/\/salesianbulletin.org\/wp-content\/uploads\/2025\/10\/img_0236.jpg?w=769\" data-width=\"1150\" src=\"https:\/\/i0.wp.com\/salesianbulletin.org\/wp-content\/uploads\/2025\/10\/img_0236.jpg?w=720&#038;ssl=1\" \/><\/figure><\/div><\/div><\/div><\/div><\/div>\n\n\n\n<p class=\"s5 wp-block-paragraph\">He encouraged strengthening the connection between&nbsp;Youth Ministry and Vocational Animation, and preparing new formators with a long-term vision. Fr. Roggia reminded the Provincials that they are the first formators, giving tone and intensity to the formative culture of their provinces. Finally, he underlined that&nbsp;Salesian identity&nbsp;is a key priority for the Congregation today: \u201cWe do not build the future in the future. We build it now.\u201d<\/p>\n\n\n\n<p class=\"s5 wp-block-paragraph\">The day continued with a collaborative session to design the&nbsp;Map of Initial Formation Communities in Interamerica (2026\u20132032), followed by a moment of&nbsp;fraternal sharing.<\/p>\n\n\n\n<p class=\"s5 wp-block-paragraph\">The day concluded with the&nbsp;final prayer and Good Night talkoffered by&nbsp;Fr. Ariel, Provincial of Medell\u00edn (Colombia). He spoke about the current reality of his province, describing its main strengths and the opportunities for growth he envisions. He reaffirmed his willingness to collaborate closely with the other provinces and his commitment to supporting the Interamerica Region in every way possible.<\/p>\n\n\n\n<p class=\"wp-block-paragraph\"><\/p>\n\n\n\n<div class=\"wp-block-jetpack-tiled-gallery aligncenter is-style-rectangular\"><div class=\"\"><div class=\"tiled-gallery__gallery\"><div class=\"tiled-gallery__row\"><div class=\"tiled-gallery__col\" style=\"flex-basis:38.97948%\"><figure class=\"tiled-gallery__item\"><img data-recalc-dims=\"1\" decoding=\"async\" data-attachment-id=\"26435\" data-permalink=\"https:\/\/salesianbulletin.org\/es\/2025\/10\/25\/interamerica-provincials-meeting-day-2-girded-to-serve-enkindled-to-discern\/img_0205\/\" data-orig-file=\"https:\/\/i0.wp.com\/salesianbulletin.org\/wp-content\/uploads\/2025\/10\/img_0205.jpg?fit=2042%2C1532&amp;ssl=1\" data-orig-size=\"2042,1532\" data-comments-opened=\"0\" data-image-meta=\"{&quot;aperture&quot;:&quot;0&quot;,&quot;credit&quot;:&quot;&quot;,&quot;camera&quot;:&quot;&quot;,&quot;caption&quot;:&quot;&quot;,&quot;created_timestamp&quot;:&quot;0&quot;,&quot;copyright&quot;:&quot;&quot;,&quot;focal_length&quot;:&quot;0&quot;,&quot;iso&quot;:&quot;0&quot;,&quot;shutter_speed&quot;:&quot;0&quot;,&quot;title&quot;:&quot;&quot;,&quot;orientation&quot;:&quot;0&quot;}\" data-image-title=\"IMG_0205\" data-image-description=\"\" data-image-caption=\"\" data-large-file=\"https:\/\/i0.wp.com\/salesianbulletin.org\/wp-content\/uploads\/2025\/10\/img_0205.jpg?fit=720%2C540&amp;ssl=1\" role=\"button\" tabindex=\"0\" aria-label=\"Open image 1 of 3 in full-screen\" srcset=\"https:\/\/salesianbulletin.org\/wp-content\/uploads\/2025\/10\/img_0205.jpg?strip=info&#038;w=600 600w,https:\/\/salesianbulletin.org\/wp-content\/uploads\/2025\/10\/img_0205.jpg?strip=info&#038;w=900 900w,https:\/\/salesianbulletin.org\/wp-content\/uploads\/2025\/10\/img_0205.jpg?strip=info&#038;w=1200 1200w,https:\/\/salesianbulletin.org\/wp-content\/uploads\/2025\/10\/img_0205.jpg?strip=info&#038;w=1500 1500w,https:\/\/salesianbulletin.org\/wp-content\/uploads\/2025\/10\/img_0205.jpg?strip=info&#038;w=1800 1800w,https:\/\/salesianbulletin.org\/wp-content\/uploads\/2025\/10\/img_0205.jpg?strip=info&#038;w=2000 2000w\" alt=\"\" data-height=\"1532\" data-id=\"26435\" data-link=\"https:\/\/salesianbulletin.org\/?attachment_id=26435\" data-url=\"https:\/\/salesianbulletin.org\/wp-content\/uploads\/2025\/10\/img_0205.jpg?w=1024\" data-width=\"2042\" src=\"https:\/\/i0.wp.com\/salesianbulletin.org\/wp-content\/uploads\/2025\/10\/img_0205.jpg?w=720&#038;ssl=1\" \/><\/figure><\/div><div class=\"tiled-gallery__col\" style=\"flex-basis:22.04104%\"><figure class=\"tiled-gallery__item\"><img data-recalc-dims=\"1\" decoding=\"async\" data-attachment-id=\"26436\" data-permalink=\"https:\/\/salesianbulletin.org\/es\/2025\/10\/25\/interamerica-provincials-meeting-day-2-girded-to-serve-enkindled-to-discern\/img_0234\/\" data-orig-file=\"https:\/\/i0.wp.com\/salesianbulletin.org\/wp-content\/uploads\/2025\/10\/img_0234.jpg?fit=1150%2C1532&amp;ssl=1\" data-orig-size=\"1150,1532\" data-comments-opened=\"0\" data-image-meta=\"{&quot;aperture&quot;:&quot;0&quot;,&quot;credit&quot;:&quot;&quot;,&quot;camera&quot;:&quot;&quot;,&quot;caption&quot;:&quot;&quot;,&quot;created_timestamp&quot;:&quot;0&quot;,&quot;copyright&quot;:&quot;&quot;,&quot;focal_length&quot;:&quot;0&quot;,&quot;iso&quot;:&quot;0&quot;,&quot;shutter_speed&quot;:&quot;0&quot;,&quot;title&quot;:&quot;&quot;,&quot;orientation&quot;:&quot;0&quot;}\" data-image-title=\"IMG_0234\" data-image-description=\"\" data-image-caption=\"\" data-large-file=\"https:\/\/i0.wp.com\/salesianbulletin.org\/wp-content\/uploads\/2025\/10\/img_0234.jpg?fit=720%2C959&amp;ssl=1\" role=\"button\" tabindex=\"0\" aria-label=\"Open image 2 of 3 in full-screen\" srcset=\"https:\/\/salesianbulletin.org\/wp-content\/uploads\/2025\/10\/img_0234.jpg?strip=info&#038;w=600 600w,https:\/\/salesianbulletin.org\/wp-content\/uploads\/2025\/10\/img_0234.jpg?strip=info&#038;w=900 900w,https:\/\/salesianbulletin.org\/wp-content\/uploads\/2025\/10\/img_0234.jpg?strip=info&#038;w=1150 1150w\" alt=\"\" data-height=\"1532\" data-id=\"26436\" data-link=\"https:\/\/salesianbulletin.org\/?attachment_id=26436\" data-url=\"https:\/\/salesianbulletin.org\/wp-content\/uploads\/2025\/10\/img_0234.jpg?w=769\" data-width=\"1150\" src=\"https:\/\/i0.wp.com\/salesianbulletin.org\/wp-content\/uploads\/2025\/10\/img_0234.jpg?w=720&#038;ssl=1\" \/><\/figure><\/div><div class=\"tiled-gallery__col\" style=\"flex-basis:38.97948%\"><figure class=\"tiled-gallery__item\"><img data-recalc-dims=\"1\" decoding=\"async\" data-attachment-id=\"26438\" data-permalink=\"https:\/\/salesianbulletin.org\/es\/2025\/10\/25\/interamerica-provincials-meeting-day-2-girded-to-serve-enkindled-to-discern\/img_0204\/\" data-orig-file=\"https:\/\/i0.wp.com\/salesianbulletin.org\/wp-content\/uploads\/2025\/10\/img_0204.jpg?fit=2042%2C1532&amp;ssl=1\" data-orig-size=\"2042,1532\" data-comments-opened=\"0\" data-image-meta=\"{&quot;aperture&quot;:&quot;0&quot;,&quot;credit&quot;:&quot;&quot;,&quot;camera&quot;:&quot;&quot;,&quot;caption&quot;:&quot;&quot;,&quot;created_timestamp&quot;:&quot;0&quot;,&quot;copyright&quot;:&quot;&quot;,&quot;focal_length&quot;:&quot;0&quot;,&quot;iso&quot;:&quot;0&quot;,&quot;shutter_speed&quot;:&quot;0&quot;,&quot;title&quot;:&quot;&quot;,&quot;orientation&quot;:&quot;0&quot;}\" data-image-title=\"IMG_0204\" data-image-description=\"\" data-image-caption=\"\" data-large-file=\"https:\/\/i0.wp.com\/salesianbulletin.org\/wp-content\/uploads\/2025\/10\/img_0204.jpg?fit=720%2C540&amp;ssl=1\" role=\"button\" tabindex=\"0\" aria-label=\"Open image 3 of 3 in full-screen\" srcset=\"https:\/\/salesianbulletin.org\/wp-content\/uploads\/2025\/10\/img_0204.jpg?strip=info&#038;w=600 600w,https:\/\/salesianbulletin.org\/wp-content\/uploads\/2025\/10\/img_0204.jpg?strip=info&#038;w=900 900w,https:\/\/salesianbulletin.org\/wp-content\/uploads\/2025\/10\/img_0204.jpg?strip=info&#038;w=1200 1200w,https:\/\/salesianbulletin.org\/wp-content\/uploads\/2025\/10\/img_0204.jpg?strip=info&#038;w=1500 1500w,https:\/\/salesianbulletin.org\/wp-content\/uploads\/2025\/10\/img_0204.jpg?strip=info&#038;w=1800 1800w,https:\/\/salesianbulletin.org\/wp-content\/uploads\/2025\/10\/img_0204.jpg?strip=info&#038;w=2000 2000w\" alt=\"\" data-height=\"1532\" data-id=\"26438\" data-link=\"https:\/\/salesianbulletin.org\/?attachment_id=26438\" data-url=\"https:\/\/salesianbulletin.org\/wp-content\/uploads\/2025\/10\/img_0204.jpg?w=1024\" data-width=\"2042\" src=\"https:\/\/i0.wp.com\/salesianbulletin.org\/wp-content\/uploads\/2025\/10\/img_0204.jpg?w=720&#038;ssl=1\" \/><\/figure><\/div><\/div><\/div><\/div><\/div>\n\n\n\n<p class=\"wp-block-paragraph\"><\/p>\n\n\n\n<p class=\"wp-block-paragraph\"><strong>SPANISH TRANSLATION<\/strong> \/ <strong>TRADUCCI\u00d3N AL ESPA\u00d1OL<\/strong><\/p>\n\n\n\n<h4 class=\"wp-block-heading s3\">Reuni\u00f3n de Inspectores Salesianos de Interam\u00e9rica \u2013 D\u00eda 2: Ce\u00f1idos para servir, encendidos para discernir<\/h4>\n\n\n\n<p class=\"s5 wp-block-paragraph\">El segundo d\u00eda de la Reuni\u00f3n de Inspectores Salesianos de la Regi\u00f3n Interam\u00e9rica, celebrada en Berkeley, California, inici\u00f3 con la&nbsp;Eucarist\u00eda presidida por el P. Jos\u00e9 Pastor Ram\u00edrez, Inspector de la Provincia de las Antillas. En su homil\u00eda, el P. Jos\u00e9 invit\u00f3 a los presentes a vivir con \u201cla cintura ce\u00f1ida y las l\u00e1mparas encendidas\u201d, como disc\u00edpulos vigilantes, disponibles y serviciales.<\/p>\n\n\n\n<p class=\"s5 wp-block-paragraph\">En un contexto donde los procesos se aceleran y la inteligencia artificial reconfigura la realidad humana, record\u00f3 que los salesianos est\u00e1n llamados a mantenerse firmes en lo esencial y atentos a la acci\u00f3n del Esp\u00edritu. \u201cCe\u00f1irse la cintura \u2014dijo\u2014 es volver al esp\u00edritu pr\u00e1ctico y contemplativo de Don Bosco, al fuego interior que lo manten\u00eda despierto por los j\u00f3venes pobres\u201d. Asimismo, subray\u00f3 que las \u201cl\u00e1mparas encendidas\u201d simbolizan la inteligencia pastoral, la fidelidad carism\u00e1tica y la transparencia en la misi\u00f3n.<\/p>\n\n\n\n<p class=\"s5 wp-block-paragraph\">Tras la Eucarist\u00eda y el desayuno, los Inspectores participaron en una&nbsp;videollamada con el Rector Mayor, P. Fabio Attard, quien ofreci\u00f3 una profunda reflexi\u00f3n sobre los frutos del&nbsp;Cap\u00edtulo General 29 (CG29). Destac\u00f3 cuatro actitudes fundamentales para la vida consagrada salesiana:&nbsp;escucha, disponibilidad, apertura del coraz\u00f3n y autodonaci\u00f3n. En su mensaje, record\u00f3 que la formaci\u00f3n no se a\u00f1ade a la misi\u00f3n, sino que nace de ella: \u201cno formamos para hacer, sino para ser\u201d. Invit\u00f3 a los salesianos a cultivar una espiritualidad m\u00edstica y encarnada, donde la comuni\u00f3n con los laicos y la pasi\u00f3n por los j\u00f3venes sean el centro de la identidad salesiana.<\/p>\n\n\n\n<p class=\"s5 wp-block-paragraph\">Posteriormente, se present\u00f3 un&nbsp;mensaje en video del P. Silvio Roggia, del Dicasterio para la Formaci\u00f3n, quien envi\u00f3 un saludo desde Roma. Record\u00f3 los recientes acontecimientos que marcan la historia salesiana: los&nbsp;50 a\u00f1os del Centro de Formaci\u00f3n Permanente en Quito, la&nbsp;canonizaci\u00f3n de la Beata Mar\u00eda Troncatti, y los&nbsp;150 a\u00f1os de la llegada de los primeros salesianos a Am\u00e9rica. En su mensaje, resalt\u00f3 la vitalidad del carisma y la comuni\u00f3n entre salesianos, salesianas y laicos, se\u00f1alando que \u201cla formaci\u00f3n es siempre y solamente permanente; es el arte de aprender a aprender\u201d.<\/p>\n\n\n\n<p class=\"s5 wp-block-paragraph\">El P. Roggia anim\u00f3 a fortalecer el v\u00ednculo entre&nbsp;Pastoral Juvenil y Animaci\u00f3n Vocacional, y a preparar con visi\u00f3n de futuro a los nuevos formadores. Insisti\u00f3 en que los Inspectores son los primeros responsables de la formaci\u00f3n y que deben \u201cdar tono e intensidad a la cultura formativa de sus inspector\u00edas\u201d. Finalmente, destac\u00f3 que la&nbsp;Salesianidad&nbsp;es una prioridad actual para toda la Congregaci\u00f3n: \u201cNo se construye el futuro en el futuro. Se construye ahora\u201d.<\/p>\n\n\n\n<p class=\"s5 wp-block-paragraph\">El d\u00eda continu\u00f3 con el trabajo conjunto para la elaboraci\u00f3n del&nbsp;Mapa de Comunidades de Formaci\u00f3n Inicial de Interam\u00e9rica (2026\u20132032), seguido de un momento de&nbsp;compartir fraterno.<\/p>\n\n\n\n<p class=\"s5 wp-block-paragraph\">La jornada concluy\u00f3 con la&nbsp;oraci\u00f3n final y las buenas noches&nbsp;a cargo del&nbsp;P. Ariel, Inspector de Medell\u00edn (Colombia), quien comparti\u00f3 sobre la situaci\u00f3n actual de su Provincia, describiendo sus principales fortalezas y las oportunidades de crecimiento que visualiza. Reafirm\u00f3 adem\u00e1s su disposici\u00f3n a colaborar estrechamente con las dem\u00e1s inspector\u00edas y su compromiso de apoyar a la Regi\u00f3n Interam\u00e9rica en todo lo que sea necesario.<\/p>\n\n\n\n<p class=\"s6 has-medium-gray-color has-text-color has-link-color wp-elements-769479fa73a66378a91f9e6dbcdf3827 wp-block-paragraph\" style=\"font-size:16px\">\u00a0<em>Art\u00edculo elaborado por la comisi\u00f3n organizadora designada por el Padre Mel Trinidad<\/em><\/p>\n\n\n\n<p class=\"wp-block-paragraph\"><\/p>","protected":false},"excerpt":{"rendered":"<p>A Spanish translation is included at the end of the article. \/ Al final del art\u00edculo se incluye una traducci\u00f3n al espa\u00f1ol. (Berkeley, California) &#8211; The second day of the\u00a0Interamerica Provincials Meeting, held in Berkeley, California, began with the\u00a0Eucharistic celebration presided over by Fr. Jos\u00e9 Pastor Ram\u00edrez, Provincial of the Antilles. In his homily, Fr. Jos\u00e9 invited everyone to live with \u201cgirded loins and lamps &hellip; <a href=\"https:\/\/salesianbulletin.org\/es\/2025\/10\/25\/interamerica-provincials-meeting-day-2-girded-to-serve-enkindled-to-discern\/\" class=\"more-link\">Continuar leyendo <span class=\"screen-reader-text\">Interamerica Provincials Meeting \u2013 Day 2: Girded to Serve, Enkindled to Discern<\/span><\/a><\/p>","protected":false},"author":10336596,"featured_media":26428,"comment_status":"closed","ping_status":"closed","sticky":false,"template":"","format":"standard","meta":{"_coblocks_attr":"","_coblocks_dimensions":"","_coblocks_responsive_height":"","_coblocks_accordion_ie_support":"","_crdt_document":"","advanced_seo_description":"","jetpack_seo_html_title":"","jetpack_seo_noindex":false,"_jetpack_newsletter_access":"","_jetpack_dont_email_post_to_subs":true,"_jetpack_newsletter_tier_id":0,"_jetpack_memberships_contains_paywalled_content":false,"_jetpack_memberships_contains_paid_content":false,"footnotes":"","jetpack_post_was_ever_published":false},"categories":[20310044,782003447],"tags":[35890],"class_list":["post-26387","post","type-post","status-publish","format-standard","has-post-thumbnail","hentry","category-province-news","category-rector-major","tag-featured"],"jetpack_featured_media_url":"https:\/\/i0.wp.com\/salesianbulletin.org\/wp-content\/uploads\/2025\/10\/img_0207.jpg?fit=2042%2C1532&ssl=1","jetpack_likes_enabled":false,"jetpack_sharing_enabled":true,"jetpack_shortlink":"https:\/\/wp.me\/p59ePG-6RB","_links":{"self":[{"href":"https:\/\/salesianbulletin.org\/es\/wp-json\/wp\/v2\/posts\/26387","targetHints":{"allow":["GET"]}}],"collection":[{"href":"https:\/\/salesianbulletin.org\/es\/wp-json\/wp\/v2\/posts"}],"about":[{"href":"https:\/\/salesianbulletin.org\/es\/wp-json\/wp\/v2\/types\/post"}],"author":[{"embeddable":true,"href":"https:\/\/salesianbulletin.org\/es\/wp-json\/wp\/v2\/users\/10336596"}],"replies":[{"embeddable":true,"href":"https:\/\/salesianbulletin.org\/es\/wp-json\/wp\/v2\/comments?post=26387"}],"version-history":[{"count":8,"href":"https:\/\/salesianbulletin.org\/es\/wp-json\/wp\/v2\/posts\/26387\/revisions"}],"predecessor-version":[{"id":26444,"href":"https:\/\/salesianbulletin.org\/es\/wp-json\/wp\/v2\/posts\/26387\/revisions\/26444"}],"wp:featuredmedia":[{"embeddable":true,"href":"https:\/\/salesianbulletin.org\/es\/wp-json\/wp\/v2\/media\/26428"}],"wp:attachment":[{"href":"https:\/\/salesianbulletin.org\/es\/wp-json\/wp\/v2\/media?parent=26387"}],"wp:term":[{"taxonomy":"category","embeddable":true,"href":"https:\/\/salesianbulletin.org\/es\/wp-json\/wp\/v2\/categories?post=26387"},{"taxonomy":"post_tag","embeddable":true,"href":"https:\/\/salesianbulletin.org\/es\/wp-json\/wp\/v2\/tags?post=26387"}],"curies":[{"name":"wp","href":"https:\/\/api.w.org\/{rel}","templated":true}]}}