{"id":30322,"date":"2026-04-24T15:17:27","date_gmt":"2026-04-24T22:17:27","guid":{"rendered":"https:\/\/salesianbulletin.org\/?p=30322"},"modified":"2026-04-24T15:17:27","modified_gmt":"2026-04-24T22:17:27","slug":"br-karol-stefan-domagala-sdb-the-first-brother-appointed-rector-in-the-ple-province","status":"publish","type":"post","link":"https:\/\/salesianbulletin.org\/es\/2026\/04\/24\/br-karol-stefan-domagala-sdb-the-first-brother-appointed-rector-in-the-ple-province\/","title":{"rendered":"Br. Karol Stefan Domaga\u0142a, SDB: The First Brother Appointed Rector in the PLE Province"},"content":{"rendered":"<p class=\"wp-block-paragraph\">(<strong>ANS \u2013 Rome<\/strong>) \u2013 The global effort to embrace the new opportunities approved by the <strong>29th General Chapter<\/strong> of the Salesian Congregation continues. In recent days, it has been announced that among the decisions made by the Rector Major, <strong>Fr. Fabio Attard<\/strong>, with the consent of the General Council during its most recent plenary session, is the appointment of the first Salesian Brother as Rector of the <strong>Salesian St. Stanislaus Kostka Province of Warsaw (PLE)<\/strong> in Poland.<\/p>\n\n\n\n<p class=\"wp-block-paragraph\">Each year, personnel changes take place in Salesian works: superiors whose terms are ending are replaced, followed by other assignments as needed for pastoral reasons. This year\u2019s changes include a historic milestone\u2014<strong>for the first time in the Warsaw Province, a Salesian Brother has been appointed Rector<\/strong>. We take this opportunity to briefly introduce <strong>Br. Karol Stefan Domaga\u0142a<\/strong>.<\/p>\n\n\n\n<p class=\"wp-block-paragraph\"><strong>Br. Domaga\u0142a<\/strong> is a Salesian, psychologist, and psychotherapist. Born in <strong>\u0141\u00f3d\u017a<\/strong> on <strong>May 21, 1979<\/strong>, he made his first religious profession in <strong>Czerwi\u0144sk nad Wis\u0142\u0105<\/strong> on <strong>August 22, 2004<\/strong>. Nearly his entire religious life has been dedicated to working with young people at risk of social exclusion at the <strong>Salesian Educational Center<\/strong> and the <strong>Sociotherapy Center in R\u00f3\u017canystok<\/strong>.<\/p>\n\n\n\n<p class=\"wp-block-paragraph\">He also directs a <strong>Crisis Intervention Center<\/strong>, offers individual and couples psychotherapy, and leads workshops and lectures for parents, teachers, educators, and psychologists on working with young people. He is the author of the book <em>\u201cNastolatkowie \u2013 Jak wychowa\u0107 i nie zwariowa\u0107\u201d<\/em> (<em>Adolescents \u2013 How to Raise Them Without Going Mad<\/em>).<\/p>\n\n\n\n<p class=\"wp-block-paragraph\">Beginning on <strong>September 1, 2026<\/strong>, he will assume the role of Rector of the religious community dedicated to the <strong>Five Blessed Young Martyrs of Pozna\u0144<\/strong> in <strong>R\u00f3\u017canystok<\/strong>, where the two centers mentioned above are located.<\/p>\n\n\n\n<p class=\"wp-block-paragraph\"><em>\u201cCongratulations and best wishes for abundant divine graces, with the protection of<\/em> <strong>John Bosco<\/strong> <em>throughout your term of office,\u201d<\/em> his confreres\u2014priests and brothers of the <strong>PLE Province<\/strong>\u2014expressed in their message to him.<\/p>","protected":false},"excerpt":{"rendered":"<p>(ANS \u2013 Rome) \u2013 The global effort to embrace the new opportunities approved by the 29th General Chapter of the Salesian Congregation continues. In recent days, it has been announced that among the decisions made by the Rector Major, Fr. Fabio Attard, with the consent of the General Council during its most recent plenary session, is the appointment of the first Salesian Brother as Rector &hellip; <a href=\"https:\/\/salesianbulletin.org\/es\/2026\/04\/24\/br-karol-stefan-domagala-sdb-the-first-brother-appointed-rector-in-the-ple-province\/\" class=\"more-link\">Continuar leyendo <span class=\"screen-reader-text\">Br. Karol Stefan Domaga\u0142a, SDB: The First Brother Appointed Rector in the PLE Province<\/span><\/a><\/p>","protected":false},"author":10336596,"featured_media":30325,"comment_status":"closed","ping_status":"closed","sticky":false,"template":"","format":"standard","meta":{"_coblocks_attr":"","_coblocks_dimensions":"","_coblocks_responsive_height":"","_coblocks_accordion_ie_support":"","_crdt_document":"","advanced_seo_description":"","jetpack_seo_html_title":"","jetpack_seo_noindex":false,"_jetpack_newsletter_access":"","_jetpack_dont_email_post_to_subs":true,"_jetpack_newsletter_tier_id":0,"_jetpack_memberships_contains_paywalled_content":false,"_jetpack_memberships_contains_paid_content":false,"footnotes":"","jetpack_post_was_ever_published":false},"categories":[778661244,782003447,516714022],"tags":[],"class_list":["post-30322","post","type-post","status-publish","format-standard","has-post-thumbnail","hentry","category-general-chapter-29","category-rector-major","category-salesian-world-news"],"jetpack_featured_media_url":"https:\/\/i0.wp.com\/salesianbulletin.org\/wp-content\/uploads\/2026\/04\/2026-04-24-Karol-Stefan-Domagala-feature.jpg?fit=1600%2C875&ssl=1","jetpack_likes_enabled":false,"jetpack_sharing_enabled":true,"jetpack_shortlink":"https:\/\/wp.me\/p59ePG-7T4","_links":{"self":[{"href":"https:\/\/salesianbulletin.org\/es\/wp-json\/wp\/v2\/posts\/30322","targetHints":{"allow":["GET"]}}],"collection":[{"href":"https:\/\/salesianbulletin.org\/es\/wp-json\/wp\/v2\/posts"}],"about":[{"href":"https:\/\/salesianbulletin.org\/es\/wp-json\/wp\/v2\/types\/post"}],"author":[{"embeddable":true,"href":"https:\/\/salesianbulletin.org\/es\/wp-json\/wp\/v2\/users\/10336596"}],"replies":[{"embeddable":true,"href":"https:\/\/salesianbulletin.org\/es\/wp-json\/wp\/v2\/comments?post=30322"}],"version-history":[{"count":2,"href":"https:\/\/salesianbulletin.org\/es\/wp-json\/wp\/v2\/posts\/30322\/revisions"}],"predecessor-version":[{"id":30326,"href":"https:\/\/salesianbulletin.org\/es\/wp-json\/wp\/v2\/posts\/30322\/revisions\/30326"}],"wp:featuredmedia":[{"embeddable":true,"href":"https:\/\/salesianbulletin.org\/es\/wp-json\/wp\/v2\/media\/30325"}],"wp:attachment":[{"href":"https:\/\/salesianbulletin.org\/es\/wp-json\/wp\/v2\/media?parent=30322"}],"wp:term":[{"taxonomy":"category","embeddable":true,"href":"https:\/\/salesianbulletin.org\/es\/wp-json\/wp\/v2\/categories?post=30322"},{"taxonomy":"post_tag","embeddable":true,"href":"https:\/\/salesianbulletin.org\/es\/wp-json\/wp\/v2\/tags?post=30322"}],"curies":[{"name":"wp","href":"https:\/\/api.w.org\/{rel}","templated":true}]}}