{"id":30540,"date":"2026-05-05T18:02:53","date_gmt":"2026-05-06T01:02:53","guid":{"rendered":"https:\/\/salesianbulletin.org\/?p=30540"},"modified":"2026-05-08T16:45:50","modified_gmt":"2026-05-08T23:45:50","slug":"join-the-mary-help-of-christians-procession-a-journey-of-faith-and-devotion","status":"publish","type":"post","link":"https:\/\/salesianbulletin.org\/es\/2026\/05\/05\/join-the-mary-help-of-christians-procession-a-journey-of-faith-and-devotion\/","title":{"rendered":"\u00danete a la Procesi\u00f3n de Mar\u00eda Auxiliadora \u2013 Un Camino de Fe y Devoci\u00f3n"},"content":{"rendered":"<p class=\"wp-block-paragraph\"><strong>(Bellflower, California)<\/strong> \u2013 La Familia Salesiana les invita cordialmente a participar en una Procesi\u00f3n especial para <strong>Mar\u00eda Auxiliadora<\/strong> el <strong>domingo 24 de mayo<\/strong> en la <strong>Parroquia Santo Domingo Savio<\/strong> en Bellflower, California.<\/p>\n\n\n\n<p class=\"wp-block-paragraph\">Comenzando a las <strong>10:50 AM<\/strong> cerca de la reja junto a <em>La Virgen de Guadalupe<\/em>, esta hermosa tradici\u00f3n es una oportunidad para reunirnos en oraci\u00f3n, unidad y devoci\u00f3n, honrando a Mar\u00eda Auxilio de los Cristianos. Despues de la  procesi\u00f3n todos est\u00e1n invitados a acompa\u00f1arnos a la <strong>misa en espa\u00f1ol de la 1:00 PM<\/strong>, creando una experiencia de fe.<\/p>\n\n\n\n<p class=\"wp-block-paragraph\">Despu\u00e9s, todos est\u00e1n cordialmente invitados a continuar la celebraci\u00f3n con <strong>ADMA y ADMA Joven<\/strong> en un <strong>almuerzo gratuito a las 2:30 PM en el sal\u00f3n parroquial despues de la misa<\/strong>.<\/p>\n\n\n\n<p class=\"wp-block-paragraph\">Vengan a caminar juntos como comunidad, confiando nuestras intenciones a Mar\u00eda y celebrando su amorosa presencia en nuestras vidas. Todos est\u00e1n invitados \u2014 traigan a su familia y amigos y sean parte de esta alegre expresi\u00f3n de fe.<\/p>\n\n\n\n<p class=\"wp-block-paragraph\">Parroquia Santo Domingo Savio<br>13400 Bellflower Blvd<br>Bellflower, CA 90706<\/p>\n\n\n\n<figure class=\"wp-block-image size-large\"><img data-recalc-dims=\"1\" loading=\"lazy\" decoding=\"async\" width=\"720\" height=\"860\" data-attachment-id=\"30542\" data-permalink=\"https:\/\/salesianbulletin.org\/es\/2026\/05\/05\/join-the-mary-help-of-christians-procession-a-journey-of-faith-and-devotion\/104faed2-fb6f-4d57-8566-2c80d6b70c3c-1\/\" data-orig-file=\"https:\/\/i0.wp.com\/salesianbulletin.org\/wp-content\/uploads\/2026\/05\/104faed2-fb6f-4d57-8566-2c80d6b70c3c-1.jpg?fit=1080%2C1290&amp;ssl=1\" data-orig-size=\"1080,1290\" data-comments-opened=\"0\" data-image-meta=\"{&quot;aperture&quot;:&quot;0&quot;,&quot;credit&quot;:&quot;&quot;,&quot;camera&quot;:&quot;&quot;,&quot;caption&quot;:&quot;&quot;,&quot;created_timestamp&quot;:&quot;1777916073&quot;,&quot;copyright&quot;:&quot;&quot;,&quot;focal_length&quot;:&quot;0&quot;,&quot;iso&quot;:&quot;0&quot;,&quot;shutter_speed&quot;:&quot;0&quot;,&quot;title&quot;:&quot;&quot;,&quot;orientation&quot;:&quot;0&quot;}\" data-image-title=\"104faed2-fb6f-4d57-8566-2c80d6b70c3c-1\" data-image-description=\"\" data-image-caption=\"\" data-large-file=\"https:\/\/i0.wp.com\/salesianbulletin.org\/wp-content\/uploads\/2026\/05\/104faed2-fb6f-4d57-8566-2c80d6b70c3c-1.jpg?fit=720%2C860&amp;ssl=1\" src=\"https:\/\/i0.wp.com\/salesianbulletin.org\/wp-content\/uploads\/2026\/05\/104faed2-fb6f-4d57-8566-2c80d6b70c3c-1.jpg?resize=720%2C860&#038;ssl=1\" alt=\"\" class=\"wp-image-30542\" srcset=\"https:\/\/i0.wp.com\/salesianbulletin.org\/wp-content\/uploads\/2026\/05\/104faed2-fb6f-4d57-8566-2c80d6b70c3c-1.jpg?resize=857%2C1024&amp;ssl=1 857w, https:\/\/i0.wp.com\/salesianbulletin.org\/wp-content\/uploads\/2026\/05\/104faed2-fb6f-4d57-8566-2c80d6b70c3c-1.jpg?resize=251%2C300&amp;ssl=1 251w, https:\/\/i0.wp.com\/salesianbulletin.org\/wp-content\/uploads\/2026\/05\/104faed2-fb6f-4d57-8566-2c80d6b70c3c-1.jpg?resize=126%2C150&amp;ssl=1 126w, https:\/\/i0.wp.com\/salesianbulletin.org\/wp-content\/uploads\/2026\/05\/104faed2-fb6f-4d57-8566-2c80d6b70c3c-1.jpg?resize=768%2C917&amp;ssl=1 768w, https:\/\/i0.wp.com\/salesianbulletin.org\/wp-content\/uploads\/2026\/05\/104faed2-fb6f-4d57-8566-2c80d6b70c3c-1.jpg?resize=10%2C12&amp;ssl=1 10w, https:\/\/i0.wp.com\/salesianbulletin.org\/wp-content\/uploads\/2026\/05\/104faed2-fb6f-4d57-8566-2c80d6b70c3c-1.jpg?resize=75%2C90&amp;ssl=1 75w, https:\/\/i0.wp.com\/salesianbulletin.org\/wp-content\/uploads\/2026\/05\/104faed2-fb6f-4d57-8566-2c80d6b70c3c-1.jpg?w=1080&amp;ssl=1 1080w\" sizes=\"auto, (max-width: 720px) 100vw, 720px\" \/><\/figure>","protected":false},"excerpt":{"rendered":"<p>(Bellflower, California) \u2013 The Salesian Family warmly invites you to take part in a special Mary Help of Christians Procession on Sunday, May 24, at St. Dominic Savio Parish in Bellflower, California. Beginning at 10:50 AM near the gate by La Virgen de Guadalupe, this beautiful tradition is an opportunity to come together in prayer, unity, and devotion as we honor Mary under her title &hellip; <a href=\"https:\/\/salesianbulletin.org\/es\/2026\/05\/05\/join-the-mary-help-of-christians-procession-a-journey-of-faith-and-devotion\/\" class=\"more-link\">Continuar leyendo <span class=\"screen-reader-text\">\u00danete a la Procesi\u00f3n de Mar\u00eda Auxiliadora \u2013 Un Camino de Fe y Devoci\u00f3n<\/span><\/a><\/p>","protected":false},"author":10336596,"featured_media":30545,"comment_status":"closed","ping_status":"closed","sticky":false,"template":"","format":"standard","meta":{"_coblocks_attr":"","_coblocks_dimensions":"","_coblocks_responsive_height":"","_coblocks_accordion_ie_support":"","advanced_seo_description":"","jetpack_seo_html_title":"","jetpack_seo_noindex":false,"jetpack_seo_schema_type":"","_jetpack_newsletter_access":"","_jetpack_dont_email_post_to_subs":true,"_jetpack_newsletter_tier_id":0,"_jetpack_memberships_contains_paywalled_content":false,"_wpcom_ai_launchpad_first_post":false,"_jetpack_feature_clip_id":0,"_jetpack_memberships_contains_paid_content":false,"footnotes":"","jetpack_post_was_ever_published":false},"categories":[20310044,4639169,768897161],"tags":[],"class_list":["post-30540","post","type-post","status-publish","format-standard","has-post-thumbnail","hentry","category-province-news","category-salesian-family","category-salesian-prayer"],"jetpack_likes_enabled":false,"jetpack_sharing_enabled":true,"jetpack_shortlink":"https:\/\/wp.me\/p59ePG-7WA","jetpack_featured_media_url":"https:\/\/i0.wp.com\/salesianbulletin.org\/wp-content\/uploads\/2026\/05\/2026-05-05-Mary-Procession-feature.jpg?fit=1600%2C875&ssl=1","_links":{"self":[{"href":"https:\/\/salesianbulletin.org\/es\/wp-json\/wp\/v2\/posts\/30540","targetHints":{"allow":["GET"]}}],"collection":[{"href":"https:\/\/salesianbulletin.org\/es\/wp-json\/wp\/v2\/posts"}],"about":[{"href":"https:\/\/salesianbulletin.org\/es\/wp-json\/wp\/v2\/types\/post"}],"author":[{"embeddable":true,"href":"https:\/\/salesianbulletin.org\/es\/wp-json\/wp\/v2\/users\/10336596"}],"replies":[{"embeddable":true,"href":"https:\/\/salesianbulletin.org\/es\/wp-json\/wp\/v2\/comments?post=30540"}],"version-history":[{"count":4,"href":"https:\/\/salesianbulletin.org\/es\/wp-json\/wp\/v2\/posts\/30540\/revisions"}],"predecessor-version":[{"id":30613,"href":"https:\/\/salesianbulletin.org\/es\/wp-json\/wp\/v2\/posts\/30540\/revisions\/30613"}],"wp:featuredmedia":[{"embeddable":true,"href":"https:\/\/salesianbulletin.org\/es\/wp-json\/wp\/v2\/media\/30545"}],"wp:attachment":[{"href":"https:\/\/salesianbulletin.org\/es\/wp-json\/wp\/v2\/media?parent=30540"}],"wp:term":[{"taxonomy":"category","embeddable":true,"href":"https:\/\/salesianbulletin.org\/es\/wp-json\/wp\/v2\/categories?post=30540"},{"taxonomy":"post_tag","embeddable":true,"href":"https:\/\/salesianbulletin.org\/es\/wp-json\/wp\/v2\/tags?post=30540"}],"curies":[{"name":"wp","href":"https:\/\/api.w.org\/{rel}","templated":true}]}}