{"id":33669,"date":"2026-09-04T17:40:08","date_gmt":"2026-09-05T00:40:08","guid":{"rendered":"https:\/\/salesianbulletin.org\/?p=33669"},"modified":"2026-09-04T17:40:08","modified_gmt":"2026-09-05T00:40:08","slug":"fr-guido-errico-appointed-new-superior-of-the-vice-province-maria-sede-della-sapienza-ups","status":"publish","type":"post","link":"https:\/\/salesianbulletin.org\/es\/2026\/09\/04\/fr-guido-errico-appointed-new-superior-of-the-vice-province-maria-sede-della-sapienza-ups\/","title":{"rendered":"Fr. Guido Errico Appointed New Superior of the Vice Province \u201cMaria Sede della Sapienza\u201d (UPS)"},"content":{"rendered":"<p class=\"wp-block-paragraph\"><strong>(ANS \u2013 Rome)<\/strong> \u2013 The Rector Major, <strong>Fr. Fabio Attard<\/strong>, with the consent of the other members of his Council, has appointed <strong>Fr. Guido Errico<\/strong> as the new Superior of the \u201cMaria Sede della Sapienza\u201d Vice Province, which encompasses the Salesian communities of the <strong>Salesian Pontifical University (UPS)<\/strong> in Rome. <strong>Fr. Errico<\/strong> succeeds <strong>Fr. Jos\u00e9 An\u00edbal Milhais Pinto Mendon\u00e7a<\/strong>, who has led the Vice Province since September 2023.<\/p>\n\n\n\n<h3 class=\"wp-block-heading\"><strong>Fr. Guido Errico<\/strong><\/h3>\n\n\n\n<p class=\"wp-block-paragraph\"><strong>Guido Errico<\/strong> was born on December 29, 1969, in Campi Salentina, in the province of Lecce. He has been a Salesian since 1989. After receiving his formation in Italy, he has held various responsibilities within the Congregation over the years. Among his most recent assignments were Director of the <strong>Mother House of Mary Help of Christians<\/strong> in Turin-Valdocco (2017\u20132021), Rector of the <strong>Shrine of Mary Help of Christians<\/strong> (2019\u20132021), and Novice Master and Director of the community in Genzano, Rome (2021\u20132022).<\/p>\n\n\n\n<p class=\"wp-block-paragraph\">Since September 2022, <strong>Fr. Guido Errico<\/strong> has been a member of the Formation Sector at the <strong>Salesian Generalate<\/strong> in Rome, where he has supported the provinces and formation houses of the Congregation in various parts of the world.<\/p>\n\n\n\n<h3 class=\"wp-block-heading\"><strong>The Vice Province \u201cMaria Sede della Sapienza\u201d (UPS)<\/strong><\/h3>\n\n\n\n<p class=\"wp-block-paragraph\">The Vice Province \u201cMaria Sede della Sapienza\u201d (UPS), canonically established in 1984, has its origins in the Salesian community founded in 1965, following the relocation of the <strong>Pontifical Salesian University<\/strong> from Turin-Rebaudengo to Rome, in the \u201cNuovo Salario\u201d district.<\/p>\n\n\n\n<p class=\"wp-block-paragraph\">Unlike ordinary provinces, the Vice Province is not organized on a territorial basis but has a specific mission: through its religious community, it supports the academic activities of the <strong>Salesian Pontifical University<\/strong>, serving Salesians, members of the Salesian Family, priests, consecrated persons, and young people enrolled in the University\u2019s five faculties: Theology, Philosophy, Educational Sciences, Social Communication Sciences, and Christian and Classical Letters.<\/p>","protected":false},"excerpt":{"rendered":"<p>(ANS \u2013 Rome) \u2013 The Rector Major, Fr. Fabio Attard, with the consent of the other members of his Council, has appointed Fr. Guido Errico as the new Superior of the \u201cMaria Sede della Sapienza\u201d Vice Province, which encompasses the Salesian communities of the Salesian Pontifical University (UPS) in Rome. Fr. Errico succeeds Fr. Jos\u00e9 An\u00edbal Milhais Pinto Mendon\u00e7a, who has led the Vice Province &hellip; <a href=\"https:\/\/salesianbulletin.org\/es\/2026\/09\/04\/fr-guido-errico-appointed-new-superior-of-the-vice-province-maria-sede-della-sapienza-ups\/\" class=\"more-link\">Continuar leyendo <span class=\"screen-reader-text\">Fr. Guido Errico Appointed New Superior of the Vice Province \u201cMaria Sede della Sapienza\u201d (UPS)<\/span><\/a><\/p>","protected":false},"author":10336596,"featured_media":33674,"comment_status":"closed","ping_status":"closed","sticky":false,"template":"","format":"standard","meta":{"_coblocks_attr":"","_coblocks_dimensions":"","_coblocks_responsive_height":"","_coblocks_accordion_ie_support":"","advanced_seo_description":"","jetpack_seo_html_title":"","jetpack_seo_noindex":false,"jetpack_seo_schema_type":"","_jetpack_newsletter_access":"","_jetpack_dont_email_post_to_subs":true,"_jetpack_newsletter_tier_id":0,"_jetpack_memberships_contains_paywalled_content":false,"_wpcom_ai_launchpad_first_post":false,"_jetpack_feature_clip_id":0,"_jetpack_memberships_contains_paid_content":false,"footnotes":"","jetpack_post_was_ever_published":false},"categories":[217,782003447,516714022],"tags":[],"class_list":["post-33669","post","type-post","status-publish","format-standard","has-post-thumbnail","hentry","category-announcements","category-rector-major","category-salesian-world-news"],"jetpack_likes_enabled":false,"jetpack_sharing_enabled":true,"jetpack_shortlink":"https:\/\/wp.me\/p59ePG-8L3","jetpack_featured_media_url":"https:\/\/i0.wp.com\/salesianbulletin.org\/wp-content\/uploads\/2026\/09\/2026-09-04-Rome-Errico-feature.jpg?fit=1600%2C875&ssl=1","_links":{"self":[{"href":"https:\/\/salesianbulletin.org\/es\/wp-json\/wp\/v2\/posts\/33669","targetHints":{"allow":["GET"]}}],"collection":[{"href":"https:\/\/salesianbulletin.org\/es\/wp-json\/wp\/v2\/posts"}],"about":[{"href":"https:\/\/salesianbulletin.org\/es\/wp-json\/wp\/v2\/types\/post"}],"author":[{"embeddable":true,"href":"https:\/\/salesianbulletin.org\/es\/wp-json\/wp\/v2\/users\/10336596"}],"replies":[{"embeddable":true,"href":"https:\/\/salesianbulletin.org\/es\/wp-json\/wp\/v2\/comments?post=33669"}],"version-history":[{"count":2,"href":"https:\/\/salesianbulletin.org\/es\/wp-json\/wp\/v2\/posts\/33669\/revisions"}],"predecessor-version":[{"id":33675,"href":"https:\/\/salesianbulletin.org\/es\/wp-json\/wp\/v2\/posts\/33669\/revisions\/33675"}],"wp:featuredmedia":[{"embeddable":true,"href":"https:\/\/salesianbulletin.org\/es\/wp-json\/wp\/v2\/media\/33674"}],"wp:attachment":[{"href":"https:\/\/salesianbulletin.org\/es\/wp-json\/wp\/v2\/media?parent=33669"}],"wp:term":[{"taxonomy":"category","embeddable":true,"href":"https:\/\/salesianbulletin.org\/es\/wp-json\/wp\/v2\/categories?post=33669"},{"taxonomy":"post_tag","embeddable":true,"href":"https:\/\/salesianbulletin.org\/es\/wp-json\/wp\/v2\/tags?post=33669"}],"curies":[{"name":"wp","href":"https:\/\/api.w.org\/{rel}","templated":true}]}}