{"id":4521,"date":"2021-06-04T18:00:00","date_gmt":"2021-06-05T01:00:00","guid":{"rendered":"https:\/\/salesianbulletin.org\/?p=4521"},"modified":"2025-04-22T18:52:36","modified_gmt":"2025-04-23T01:52:36","slug":"hacia-un-nosotros-cada-vez-mas-grande-los-salesianos-y-la-migracion-en-america","status":"publish","type":"post","link":"https:\/\/salesianbulletin.org\/es\/2021\/06\/04\/hacia-un-nosotros-cada-vez-mas-grande-los-salesianos-y-la-migracion-en-america\/","title":{"rendered":"Hacia un &#8220;Nosotros&#8221; Cada Vez Mas Grande &#8211; Los Salesianos y la Migracion en America"},"content":{"rendered":"<p><strong>By: Soledad Soto<\/strong><br \/>\n<em>Communication Coordinator for Red America Social Salesiana (RASS)<\/em><\/p>\n<hr \/>\n<p><strong>#SomosMigrantes<\/strong><\/p>\n<p><em>\u201cMe da miedo que nos saquen de aqu\u00ed, porque estamos sin papeles(\u2026) Me asusta que la situaci\u00f3n en mi pa\u00eds no se arregle, que no podamos volver con nuestras familias, (\u2026)\u201d <\/em>\u00a0comenta Brangely, migrante venezolana que reside en Colombia. Ella, como otros cientos de miles de migrantes, ha salido de su pa\u00eds natal en busca de mejores oportunidades, poniendo en riesgo su vida y la de su familia, dej\u00e1ndolo todo atr\u00e1s.<\/p>\n<p>La violencia, la inseguridad, la pobreza y la reunificaci\u00f3n familiar son los principales impulsores de la migraci\u00f3n en nuestro continente. Del total de la poblaci\u00f3n mundial, el 3.6 % (280,6 millones) son migrantes internacionales. Seg\u00fan el Portal de Datos Mundiales sobre la Migraci\u00f3n y la Organizaci\u00f3n Internacional para las Migraciones, el flujo de migrantes en Am\u00e9rica, en el 2020, suma 73,5 millones de inmigrantes y 47,2 millones de emigrantes, adem\u00e1s, del total de la poblaci\u00f3n migrante a nivel mundial, el 14.6% son ni\u00f1os y ni\u00f1as el 11,3% son j\u00f3venes. Solo en febrero de 2021, la Patrulla Fronteriza de Estados Unidos transfiri\u00f3 m\u00e1s de 7.000 ni\u00f1as y ni\u00f1os migrantes al Departamento de Salud.<\/p>\n<p>M\u00e1s all\u00e1 de las cifras, quienes migran viven verdaderas \u201codiseas\u201d durante su traslado, y se enfrentan a m\u00e1s dificultades una vez que llegan a los pa\u00edses de destino. Estas necesidades son diversas, y entre ellas est\u00e1n el desempleo, el dif\u00edcil acceso a la salud p\u00fablica, a la educaci\u00f3n, a una alimentaci\u00f3n b\u00e1sica o al internet. La mayor parte de esta poblaci\u00f3n vive del comercio informal o de la mendicidad, adem\u00e1s de estar expuestos a malos tratos, a la trata de personas y a la explotaci\u00f3n, especialmente si viajan solos y por v\u00edas de migraci\u00f3n irregular.<\/p>\n<p><strong>Los salesianos y la migraci\u00f3n<\/strong><\/p>\n<p>Frente a esta realidad, los salesianos han dado una respuesta con programas para la atenci\u00f3n de ni\u00f1as, ni\u00f1os, adolescente, j\u00f3venes y familias migrantes, especialmente en 7 inspector\u00edas que forman parte de la Red Am\u00e9rica Social Salesiana, atendiendo a 3310 personas migrantes al d\u00eda, aproximadamente.<\/p>\n<p>Resaltamos una parte de la atenci\u00f3n que se brinda en estas inspector\u00edas:<\/p>\n<ul>\n<li><strong>M\u00e9xico \u2013 Guadalajara<\/strong>: se atienden entre 800 y 1000 personas diariamente con alimentaci\u00f3n, salud, refugio y asistencia legal.<\/li>\n<li><strong>Centroam\u00e9rica<\/strong>: se brinda alimentaci\u00f3n, acogida y asesoramiento legal a 1500 personas diariamente, adem\u00e1s de trabajar con 40 refugiados a cargo.<\/li>\n<li><strong>Per\u00fa<\/strong>: se cuenta con una casa de acogida y programas de capacitaci\u00f3n para 60 j\u00f3venes venezolanos.<\/li>\n<li><strong>Ecuador<\/strong>: durante la pandemia se abrieron comedores que atienden diariamente a 80 familias venezolanas en situaci\u00f3n de calle.<\/li>\n<li><strong>Colombia \u2013 Bogot\u00e1<\/strong>: se cuenta con programas de atenci\u00f3n integral a m\u00e1s de 700 miembros de familias migrantes.<\/li>\n<li><strong>Estados Unidos Oeste:<\/strong> el programa (donde m\u00e1s del 60% de los 2000 j\u00f3venes que participan al a\u00f1o son migrantes) se enfoca en actividades de apoyo escolar y buen uso del tiempo libre.<\/li>\n<li><strong>Chile:<\/strong> se trabaja para reestablecer los derechos vulnerados a 30 familias migrantes, especialmente mujeres con hijos e hijas a su cargo.<\/li>\n<\/ul>\n<p><strong>\u201cHacia un nosotros cada vez m\u00e1s grande\u201d<\/strong><\/p>\n<p>Este a\u00f1o, el tema que el Papa Francisco propone para la Jornada Mundial del Migrante y Refugiado (JMMR) es: \u201cHacia un nosotros cada vez m\u00e1s grande\u201d, y nos llama a trabajar en defensa de los derechos de quienes migran: \u201cA cada ser humano que se ve obligado a dejar su patria en busca de un futuro mejor, el Se\u00f1or lo conf\u00eda al amor maternal de la Iglesia\u201d. El trabajo pastoral que tenemos que hacer como obras salesianas, y que conjugan las acciones de un trabajo en conjunto con gobiernos, instituciones internacionales y ONGD\u00b4s, se resume en 4 verbos clave: <strong>acoger, proteger, promover e integrar<\/strong>.<\/p>\n<p>Debemos responsabilizarnos e involucrarnos con la situaci\u00f3n actual de las personas migrantes y refugiadas, recordando que la movilidad humana es un derecho, y que, como Iglesia, tenemos que responder ante este drama y realidad mundial.<\/p>\n<p>#SomosMigrantes<\/p>\n<p>Red Am\u00e9rica Social Salesiana.<\/p>","protected":false},"excerpt":{"rendered":"<p>By: Soledad Soto Communication Coordinator for Red America Social Salesiana (RASS) #SomosMigrantes \u201cMe da miedo que nos saquen de aqu\u00ed, porque estamos sin papeles(\u2026) Me asusta que la situaci\u00f3n en mi pa\u00eds no se arregle, que no podamos volver con nuestras familias, (\u2026)\u201d \u00a0comenta Brangely, migrante venezolana que reside en Colombia. Ella, como otros cientos de miles de migrantes, ha salido de su pa\u00eds natal &hellip; <a href=\"https:\/\/salesianbulletin.org\/es\/2021\/06\/04\/hacia-un-nosotros-cada-vez-mas-grande-los-salesianos-y-la-migracion-en-america\/\" class=\"more-link\">Continuar leyendo <span class=\"screen-reader-text\">Hacia un &#8220;Nosotros&#8221; Cada Vez Mas Grande &#8211; Los Salesianos y la Migracion en America<\/span><\/a><\/p>","protected":false},"author":10336596,"featured_media":0,"comment_status":"closed","ping_status":"closed","sticky":false,"template":"","format":"standard","meta":{"_coblocks_attr":"","_coblocks_dimensions":"","_coblocks_responsive_height":"","_coblocks_accordion_ie_support":"","advanced_seo_description":"","jetpack_seo_html_title":"","jetpack_seo_noindex":false,"jetpack_seo_schema_type":"","_jetpack_newsletter_access":"","_jetpack_dont_email_post_to_subs":false,"_jetpack_newsletter_tier_id":0,"_jetpack_memberships_contains_paywalled_content":false,"_wpcom_ai_launchpad_first_post":false,"_jetpack_feature_clip_id":0,"_jetpack_memberships_contains_paid_content":false,"footnotes":"","jetpack_post_was_ever_published":false},"categories":[20310044,678324057],"tags":[35890,7757256,2203],"class_list":["post-4521","post","type-post","status-publish","format-standard","hentry","category-province-news","category-province-schools","tag-featured","tag-inter-america","tag-world-news"],"jetpack_likes_enabled":false,"jetpack_sharing_enabled":true,"jetpack_shortlink":"https:\/\/wp.me\/p59ePG-1aV","jetpack_featured_media_url":"","_links":{"self":[{"href":"https:\/\/salesianbulletin.org\/es\/wp-json\/wp\/v2\/posts\/4521","targetHints":{"allow":["GET"]}}],"collection":[{"href":"https:\/\/salesianbulletin.org\/es\/wp-json\/wp\/v2\/posts"}],"about":[{"href":"https:\/\/salesianbulletin.org\/es\/wp-json\/wp\/v2\/types\/post"}],"author":[{"embeddable":true,"href":"https:\/\/salesianbulletin.org\/es\/wp-json\/wp\/v2\/users\/10336596"}],"replies":[{"embeddable":true,"href":"https:\/\/salesianbulletin.org\/es\/wp-json\/wp\/v2\/comments?post=4521"}],"version-history":[{"count":2,"href":"https:\/\/salesianbulletin.org\/es\/wp-json\/wp\/v2\/posts\/4521\/revisions"}],"predecessor-version":[{"id":4523,"href":"https:\/\/salesianbulletin.org\/es\/wp-json\/wp\/v2\/posts\/4521\/revisions\/4523"}],"wp:attachment":[{"href":"https:\/\/salesianbulletin.org\/es\/wp-json\/wp\/v2\/media?parent=4521"}],"wp:term":[{"taxonomy":"category","embeddable":true,"href":"https:\/\/salesianbulletin.org\/es\/wp-json\/wp\/v2\/categories?post=4521"},{"taxonomy":"post_tag","embeddable":true,"href":"https:\/\/salesianbulletin.org\/es\/wp-json\/wp\/v2\/tags?post=4521"}],"curies":[{"name":"wp","href":"https:\/\/api.w.org\/{rel}","templated":true}]}}