{"id":9717,"date":"2024-02-02T10:59:03","date_gmt":"2024-02-02T18:59:03","guid":{"rendered":"https:\/\/salesianbulletin.org\/?p=9717"},"modified":"2025-04-29T17:04:19","modified_gmt":"2025-04-30T00:04:19","slug":"jesus-senor-y-salvador","status":"publish","type":"post","link":"https:\/\/salesianbulletin.org\/es\/2024\/02\/02\/jesus-senor-y-salvador\/","title":{"rendered":"Jes\u00fas Se\u00f1or y Salvador"},"content":{"rendered":"\n<p class=\"wp-block-paragraph\">by Fr. Ed Liptak, SDB<\/p>\n\n\n<div class=\"wp-block-image\">\n<figure class=\"alignleft size-large is-resized\"><img data-recalc-dims=\"1\" loading=\"lazy\" decoding=\"async\" width=\"720\" height=\"612\" data-attachment-id=\"9719\" data-permalink=\"https:\/\/salesianbulletin.org\/es\/2024\/02\/02\/jesus-senor-y-salvador\/intouch-2023-1-png-2-3\/\" data-orig-file=\"https:\/\/i0.wp.com\/salesianbulletin.org\/wp-content\/uploads\/2024\/02\/intouch-2023-1.png-2.jpg?fit=904%2C768&amp;ssl=1\" data-orig-size=\"904,768\" data-comments-opened=\"0\" data-image-meta=\"{&quot;aperture&quot;:&quot;0&quot;,&quot;credit&quot;:&quot;&quot;,&quot;camera&quot;:&quot;&quot;,&quot;caption&quot;:&quot;&quot;,&quot;created_timestamp&quot;:&quot;0&quot;,&quot;copyright&quot;:&quot;&quot;,&quot;focal_length&quot;:&quot;0&quot;,&quot;iso&quot;:&quot;0&quot;,&quot;shutter_speed&quot;:&quot;0&quot;,&quot;title&quot;:&quot;&quot;,&quot;orientation&quot;:&quot;0&quot;}\" data-image-title=\"intouch-2023-1.png-2\" data-image-description=\"\" data-image-caption=\"\" data-large-file=\"https:\/\/i0.wp.com\/salesianbulletin.org\/wp-content\/uploads\/2024\/02\/intouch-2023-1.png-2.jpg?fit=720%2C612&amp;ssl=1\" src=\"https:\/\/i0.wp.com\/salesianbulletin.org\/wp-content\/uploads\/2024\/02\/intouch-2023-1.png-2.jpg?resize=720%2C612&#038;ssl=1\" alt=\"\" class=\"wp-image-9719\" style=\"width:414px;height:auto\" \/><\/figure>\n<\/div>\n\n\n<p class=\"wp-block-paragraph\">Nuestras Escrituras de este quinto domingo comienzan con la visi\u00f3n oscura y miserable de la vida de Job. Estaba azotado por la enfermedad y el abandono. Sinti\u00f3 cada momento doloroso y de abandono. No hab\u00eda curaci\u00f3n a la vista. \u201cNunca volver\u00e9 a ver la felicidad\u201d. &#8212; Por cierto, \u00bfcu\u00e1ndo fue la \u00faltima vez que tuviste un d\u00eda perfecto? \u00bfNo es cierto que todos salimos del vientre de nuestra madre llorando a gritos? \u00a1Bienvenido a nuestro mundo! Sin embargo, gracias a la fidelidad y confianza de Job, finalmente la bendici\u00f3n de Dios lo san\u00f3.<\/p>\n\n\n\n<p class=\"wp-block-paragraph\">Dejemos que San Pablo comience a liderar desde la oscuridad y la fatalidad. Agotado por su labor de predicar el Evangelio, se autodenomin\u00f3 \u201cesclavo de todos para ganar [para Cristo] a tantos como fuera posible\u201d. No satisfecho, a\u00f1adi\u00f3: \u201cA los d\u00e9biles me hice d\u00e9bil para conquistar a los d\u00e9biles\u201d. Todo esto, afirm\u00f3, se deb\u00eda a que Dios le hab\u00eda &#8220;impuesto&#8221; &#8220;una obligaci\u00f3n&#8221;. Pablo ten\u00eda un solo deseo: compartir la recompensa del Evangelio junto con aquellos a quienes predicaba.<\/p>\n\n\n\n<p class=\"wp-block-paragraph\">La mayor\u00eda de nosotros no predicamos, pero vivimos. Para algunos de nosotros eso puede significar soportar mucha maldad por el bien del Evangelio de Cristo. Y hacerlo puede ser a\u00fan m\u00e1s importante. Las acciones, vivir el Evangelio de Cristo, la vida cristiana, realmente hablan m\u00e1s que las palabras a nuestros hermanos y hermanas en el camino con nosotros hacia la recompensa de la Vida Eterna.<\/p>\n\n\n\n<p class=\"wp-block-paragraph\">Los mensajes del Evangelio deber\u00edan ser la ayuda m\u00e1s poderosa para afrontar nuestros d\u00edas \u201cimperfectos\u201d. Mateo dice: \u201cCristo quit\u00f3 nuestras enfermedades y llev\u00f3 nuestras dolencias\u201d (Verso Aleluya). El evangelio de Marcos hoy muestra el poder de Jes\u00fas atacando esas debilidades. En la sinagoga Jes\u00fas encontr\u00f3 al hombre deforme. A unos pasos de distancia, entr\u00f3 en la casa de Pedro y encontr\u00f3 a la suegra de Pedro, postrada en cama, le tom\u00f3 la mano; sin palabras, sin fiebre y capaz de servir la comida. Ese tipo de noticias se difunde r\u00e1pidamente.<\/p>\n\n\n\n<p class=\"wp-block-paragraph\">Al anochecer, todo el pueblo (\u00bfcomo nosotros?) se hab\u00eda reunido buscando curas. San Marcos redact\u00f3 cuidadosamente: \u201c\u00c9l (Jes\u00fas) cur\u00f3 a muchos enfermos de diversas enfermedades; Expuls\u00f3 a muchos demonios\u201d. Tenga en cuenta la palabra &#8220;muchos&#8221;. Quiz\u00e1s \u00c9l podr\u00eda decir qui\u00e9n merec\u00eda la curaci\u00f3n. O tal vez conoc\u00eda a quienes estaban listos para presentarse ante la misericordia de su Padre y les permiti\u00f3 hacerlo. Ciertamente, a la hora de acostarse, Jes\u00fas estaba cansado. Pero se levant\u00f3 antes del amanecer y en oraci\u00f3n se prepar\u00f3 para su obra salvadora del d\u00eda siguiente. La oraci\u00f3n nunca nos frena.<\/p>\n\n\n\n<figure class=\"wp-block-image\"><img data-recalc-dims=\"1\" decoding=\"async\" src=\"https:\/\/i0.wp.com\/ssl.gstatic.com\/ui\/v1\/icons\/mail\/images\/cleardot.gif?w=720&#038;ssl=1\" alt=\"\" \/><\/figure>\n","protected":false},"excerpt":{"rendered":"<p>by Fr. Ed Liptak, SDB Nuestras Escrituras de este quinto domingo comienzan con la visi\u00f3n oscura y miserable de la vida de Job. Estaba azotado por la enfermedad y el abandono. Sinti\u00f3 cada momento doloroso y de abandono. No hab\u00eda curaci\u00f3n a la vista. \u201cNunca volver\u00e9 a ver la felicidad\u201d. &#8212; Por cierto, \u00bfcu\u00e1ndo fue la \u00faltima vez que tuviste un d\u00eda perfecto? \u00bfNo es &hellip; <a href=\"https:\/\/salesianbulletin.org\/es\/2024\/02\/02\/jesus-senor-y-salvador\/\" class=\"more-link\">Continuar leyendo <span class=\"screen-reader-text\">Jes\u00fas Se\u00f1or y Salvador<\/span><\/a><\/p>","protected":false},"author":10336596,"featured_media":9822,"comment_status":"closed","ping_status":"closed","sticky":false,"template":"","format":"standard","meta":{"_coblocks_attr":"","_coblocks_dimensions":"","_coblocks_responsive_height":"","_coblocks_accordion_ie_support":"","advanced_seo_description":"","jetpack_seo_html_title":"","jetpack_seo_noindex":false,"jetpack_seo_schema_type":"","_jetpack_newsletter_access":"","_jetpack_dont_email_post_to_subs":false,"_jetpack_newsletter_tier_id":0,"_jetpack_memberships_contains_paywalled_content":false,"_wpcom_ai_launchpad_first_post":false,"_jetpack_feature_clip_id":0,"_jetpack_memberships_contains_paid_content":false,"footnotes":"","jetpack_post_was_ever_published":false},"categories":[777629889,2343517,20310044],"tags":[35890,782003455],"class_list":["post-9717","post","type-post","status-publish","format-standard","has-post-thumbnail","hentry","category-fr-ed-liptak","category-gospel-reflection","category-province-news","tag-featured","tag-fr-ed-liptak"],"jetpack_likes_enabled":false,"jetpack_sharing_enabled":true,"jetpack_shortlink":"https:\/\/wp.me\/p59ePG-2wJ","jetpack_featured_media_url":"https:\/\/i0.wp.com\/salesianbulletin.org\/wp-content\/uploads\/2024\/02\/intouch-2023-1.png-4.jpg?fit=1801%2C768&ssl=1","_links":{"self":[{"href":"https:\/\/salesianbulletin.org\/es\/wp-json\/wp\/v2\/posts\/9717","targetHints":{"allow":["GET"]}}],"collection":[{"href":"https:\/\/salesianbulletin.org\/es\/wp-json\/wp\/v2\/posts"}],"about":[{"href":"https:\/\/salesianbulletin.org\/es\/wp-json\/wp\/v2\/types\/post"}],"author":[{"embeddable":true,"href":"https:\/\/salesianbulletin.org\/es\/wp-json\/wp\/v2\/users\/10336596"}],"replies":[{"embeddable":true,"href":"https:\/\/salesianbulletin.org\/es\/wp-json\/wp\/v2\/comments?post=9717"}],"version-history":[{"count":3,"href":"https:\/\/salesianbulletin.org\/es\/wp-json\/wp\/v2\/posts\/9717\/revisions"}],"predecessor-version":[{"id":9722,"href":"https:\/\/salesianbulletin.org\/es\/wp-json\/wp\/v2\/posts\/9717\/revisions\/9722"}],"wp:featuredmedia":[{"embeddable":true,"href":"https:\/\/salesianbulletin.org\/es\/wp-json\/wp\/v2\/media\/9822"}],"wp:attachment":[{"href":"https:\/\/salesianbulletin.org\/es\/wp-json\/wp\/v2\/media?parent=9717"}],"wp:term":[{"taxonomy":"category","embeddable":true,"href":"https:\/\/salesianbulletin.org\/es\/wp-json\/wp\/v2\/categories?post=9717"},{"taxonomy":"post_tag","embeddable":true,"href":"https:\/\/salesianbulletin.org\/es\/wp-json\/wp\/v2\/tags?post=9717"}],"curies":[{"name":"wp","href":"https:\/\/api.w.org\/{rel}","templated":true}]}}