{"id":9857,"date":"2024-02-06T12:43:33","date_gmt":"2024-02-06T20:43:33","guid":{"rendered":"https:\/\/salesianbulletin.org\/?p=9857"},"modified":"2025-04-25T17:40:49","modified_gmt":"2025-04-26T00:40:49","slug":"the-perpetual-profession-of-three-young-salesians-marks-the-last-day-of-the-rector-majors-visit-to-juazeiro-do-norte","status":"publish","type":"post","link":"https:\/\/salesianbulletin.org\/es\/2024\/02\/06\/the-perpetual-profession-of-three-young-salesians-marks-the-last-day-of-the-rector-majors-visit-to-juazeiro-do-norte\/","title":{"rendered":"The Perpetual Profession of Three Young Salesians Marks the Last Day of the Rector Major&#8217;s visit to Juazeiro do Norte"},"content":{"rendered":"<figure class=\"wp-block-image size-large\"><img data-recalc-dims=\"1\" loading=\"lazy\" decoding=\"async\" width=\"720\" height=\"496\" data-attachment-id=\"9862\" data-permalink=\"https:\/\/salesianbulletin.org\/es\/2024\/02\/06\/the-perpetual-profession-of-three-young-salesians-marks-the-last-day-of-the-rector-majors-visit-to-juazeiro-do-norte\/senza-titolo-16-1\/\" data-orig-file=\"https:\/\/i0.wp.com\/salesianbulletin.org\/wp-content\/uploads\/2024\/02\/senza-titolo-16-1.jpg?fit=3340%2C2303&amp;ssl=1\" data-orig-size=\"3340,2303\" data-comments-opened=\"0\" data-image-meta=\"{&quot;aperture&quot;:&quot;0&quot;,&quot;credit&quot;:&quot;&quot;,&quot;camera&quot;:&quot;&quot;,&quot;caption&quot;:&quot;&quot;,&quot;created_timestamp&quot;:&quot;0&quot;,&quot;copyright&quot;:&quot;&quot;,&quot;focal_length&quot;:&quot;0&quot;,&quot;iso&quot;:&quot;0&quot;,&quot;shutter_speed&quot;:&quot;0&quot;,&quot;title&quot;:&quot;&quot;,&quot;orientation&quot;:&quot;1&quot;}\" data-image-title=\"senza-titolo-16-1\" data-image-description=\"\" data-image-caption=\"\" data-large-file=\"https:\/\/i0.wp.com\/salesianbulletin.org\/wp-content\/uploads\/2024\/02\/senza-titolo-16-1.jpg?fit=720%2C496&amp;ssl=1\" src=\"https:\/\/i0.wp.com\/salesianbulletin.org\/wp-content\/uploads\/2024\/02\/senza-titolo-16-1.jpg?resize=720%2C496&#038;ssl=1\" alt=\"\" class=\"wp-image-9862\" \/><\/figure>\n\n\n\n<p class=\"wp-block-paragraph\"><strong>(ANS \u2013 Juazeiro do Norte)<\/strong>&nbsp;\u2013 The final meetings of Cardinal \u00c1ngel Fern\u00e1ndez Artime, Rector Major of the Salesians of Don Bosco, took place at Juazeiro do Norte in the Brazilian State of Cear\u00e1 on Sunday, February 4, 2024. It was the sixth and final day of the Animation Visit to the St Aloysius Gonzaga Salesian Province of Brazil-Recife (BRE).<\/p>\n\n\n\n<p class=\"wp-block-paragraph\">The 10th Successor of Don Bosco met several Provincials of Brazil and the Coordinators of the Salesian Family at 10 a.m. in the auditorium of the S\u00e3o Jo\u00e3o Bosco Institute. On this occasion, Card. Fern\u00e1ndez Artime stressed the importance of assigning the posthumous qualification of Salesian Cooperator to the Servant of God, Father C\u00edcero Rom\u00e3o Batista, conferred the previous day, and also addressed a message of encouragement, perseverance, and gratitude to the members of the Salesian Family who were present.<\/p>\n\n\n\n<p class=\"wp-block-paragraph\">In the middle of the afternoon, the Rector Major wanted to meet young people from the Articula\u00e7\u00e3o da Juventude Salesiana (the Salesian Youth Movement) from all over the northeast of the country. Sitting in a circle around the 10th Successor of Don Bosco and conversing informally with him, the young Salesians had the opportunity to talk to the Rector Major about all their doubts, anxieties, and concerns, and he responded to their questions calmly and in a friendly way, embracing each of the young people who questioned him.<\/p>\n\n\n<div class=\"wp-block-image\">\n<figure class=\"alignleft size-large is-resized\"><img data-recalc-dims=\"1\" loading=\"lazy\" decoding=\"async\" width=\"655\" height=\"468\" data-attachment-id=\"9865\" data-permalink=\"https:\/\/salesianbulletin.org\/es\/2024\/02\/06\/the-perpetual-profession-of-three-young-salesians-marks-the-last-day-of-the-rector-majors-visit-to-juazeiro-do-norte\/a88f6d80cb56541e9ff0735f1dab19fe_l\/\" data-orig-file=\"https:\/\/i0.wp.com\/salesianbulletin.org\/wp-content\/uploads\/2024\/02\/a88f6d80cb56541e9ff0735f1dab19fe_l.jpg?fit=655%2C468&amp;ssl=1\" data-orig-size=\"655,468\" data-comments-opened=\"0\" data-image-meta=\"{&quot;aperture&quot;:&quot;0&quot;,&quot;credit&quot;:&quot;&quot;,&quot;camera&quot;:&quot;&quot;,&quot;caption&quot;:&quot;&quot;,&quot;created_timestamp&quot;:&quot;0&quot;,&quot;copyright&quot;:&quot;&quot;,&quot;focal_length&quot;:&quot;0&quot;,&quot;iso&quot;:&quot;0&quot;,&quot;shutter_speed&quot;:&quot;0&quot;,&quot;title&quot;:&quot;&quot;,&quot;orientation&quot;:&quot;0&quot;}\" data-image-title=\"a88f6d80cb56541e9ff0735f1dab19fe_l\" data-image-description=\"\" data-image-caption=\"\" data-large-file=\"https:\/\/i0.wp.com\/salesianbulletin.org\/wp-content\/uploads\/2024\/02\/a88f6d80cb56541e9ff0735f1dab19fe_l.jpg?fit=655%2C468&amp;ssl=1\" src=\"https:\/\/i0.wp.com\/salesianbulletin.org\/wp-content\/uploads\/2024\/02\/a88f6d80cb56541e9ff0735f1dab19fe_l.jpg?resize=655%2C468&#038;ssl=1\" alt=\"\" class=\"wp-image-9865\" style=\"width:582px;height:auto\" \/><\/figure>\n<\/div>\n\n\n<p class=\"wp-block-paragraph\">Then, at 7 p.m., in the Church of the Bom Jesus in Horto \u2013 dedicated just the day before \u2013 the cardinal presided at the Eucharistic celebration and the Perpetual Profession of three young Salesians.<\/p>\n\n\n\n<p class=\"wp-block-paragraph\">The rite of profession began after the proclamation of the Gospel. The professed asked to serve God throughout their lives within the Salesian Society. The Rector Major then prayed, asking God the Father to grant them the grace to make this special covenant with Christ. During the homily, Fr \u00c1.F. Artime reflected on the time Christians dedicate to their faith and helping others. &#8220;I think that after the beautiful celebration we are living, we must return home with a heart full of desire to live as disciples of the Lord Jesus,&#8221; he exclaimed.<\/p>\n\n\n\n<p class=\"wp-block-paragraph\">He continued with the rite of perpetual religious profession through the questions of commitment, to which the candidates responded with a firm &#8220;yes.&#8221; Immediately afterward, Gabriel Ferreira, Pedro Xavier, and Wellington Martins lay prostrate on the floor while the litanies were being sung. They then received candles and read the profession formula, signed the record of the event and were welcomed by the perpetually professed Salesians present.<\/p>\n\n\n\n<p class=\"wp-block-paragraph\">At the end of Mass and Perpetual Profession, Wellington Martins, one of the three newly professed, proclaimed on behalf of all three: &#8220;Now we are Salesians of Don Bosco forever. This does not mean that the journey is over; on the contrary, now our daily &#8216;yes&#8217; has an even greater motivation, given what we have promised here before the Church and the people of God gathered here.&#8221;<\/p>","protected":false},"excerpt":{"rendered":"<p>(ANS \u2013 Juazeiro do Norte)&nbsp;\u2013 The final meetings of Cardinal \u00c1ngel Fern\u00e1ndez Artime, Rector Major of the Salesians of Don Bosco, took place at Juazeiro do Norte in the Brazilian State of Cear\u00e1 on Sunday, February 4, 2024. It was the sixth and final day of the Animation Visit to the St Aloysius Gonzaga Salesian Province of Brazil-Recife (BRE). The 10th Successor of Don Bosco &hellip; <a href=\"https:\/\/salesianbulletin.org\/es\/2024\/02\/06\/the-perpetual-profession-of-three-young-salesians-marks-the-last-day-of-the-rector-majors-visit-to-juazeiro-do-norte\/\" class=\"more-link\">Continuar leyendo <span class=\"screen-reader-text\">The Perpetual Profession of Three Young Salesians Marks the Last Day of the Rector Major&#8217;s visit to Juazeiro do Norte<\/span><\/a><\/p>","protected":false},"author":10336596,"featured_media":9863,"comment_status":"closed","ping_status":"closed","sticky":false,"template":"","format":"standard","meta":{"_coblocks_attr":"","_coblocks_dimensions":"","_coblocks_responsive_height":"","_coblocks_accordion_ie_support":"","advanced_seo_description":"","jetpack_seo_html_title":"","jetpack_seo_noindex":false,"jetpack_seo_schema_type":"","_jetpack_newsletter_access":"","_jetpack_dont_email_post_to_subs":true,"_jetpack_newsletter_tier_id":0,"_jetpack_memberships_contains_paywalled_content":false,"_wpcom_ai_launchpad_first_post":false,"_jetpack_feature_clip_id":0,"_jetpack_memberships_contains_paid_content":false,"footnotes":"","jetpack_post_was_ever_published":false},"categories":[516714022],"tags":[35890],"class_list":["post-9857","post","type-post","status-publish","format-standard","has-post-thumbnail","hentry","category-salesian-world-news","tag-featured"],"jetpack_likes_enabled":false,"jetpack_sharing_enabled":true,"jetpack_shortlink":"https:\/\/wp.me\/p59ePG-2yZ","jetpack_featured_media_url":"https:\/\/i0.wp.com\/salesianbulletin.org\/wp-content\/uploads\/2024\/02\/e76053471ea880ee954340bd59d65d36_l-1.jpg?fit=655%2C437&ssl=1","_links":{"self":[{"href":"https:\/\/salesianbulletin.org\/es\/wp-json\/wp\/v2\/posts\/9857","targetHints":{"allow":["GET"]}}],"collection":[{"href":"https:\/\/salesianbulletin.org\/es\/wp-json\/wp\/v2\/posts"}],"about":[{"href":"https:\/\/salesianbulletin.org\/es\/wp-json\/wp\/v2\/types\/post"}],"author":[{"embeddable":true,"href":"https:\/\/salesianbulletin.org\/es\/wp-json\/wp\/v2\/users\/10336596"}],"replies":[{"embeddable":true,"href":"https:\/\/salesianbulletin.org\/es\/wp-json\/wp\/v2\/comments?post=9857"}],"version-history":[{"count":4,"href":"https:\/\/salesianbulletin.org\/es\/wp-json\/wp\/v2\/posts\/9857\/revisions"}],"predecessor-version":[{"id":9867,"href":"https:\/\/salesianbulletin.org\/es\/wp-json\/wp\/v2\/posts\/9857\/revisions\/9867"}],"wp:featuredmedia":[{"embeddable":true,"href":"https:\/\/salesianbulletin.org\/es\/wp-json\/wp\/v2\/media\/9863"}],"wp:attachment":[{"href":"https:\/\/salesianbulletin.org\/es\/wp-json\/wp\/v2\/media?parent=9857"}],"wp:term":[{"taxonomy":"category","embeddable":true,"href":"https:\/\/salesianbulletin.org\/es\/wp-json\/wp\/v2\/categories?post=9857"},{"taxonomy":"post_tag","embeddable":true,"href":"https:\/\/salesianbulletin.org\/es\/wp-json\/wp\/v2\/tags?post=9857"}],"curies":[{"name":"wp","href":"https:\/\/api.w.org\/{rel}","templated":true}]}}